{"id":1016,"date":"2012-07-04T14:34:39","date_gmt":"2012-07-04T14:34:39","guid":{"rendered":"http:\/\/www.fyysika.ee\/vorgustik\/?p=1016"},"modified":"2012-07-10T12:19:28","modified_gmt":"2012-07-10T12:19:28","slug":"uus-boson-higgsil-hea-meel","status":"publish","type":"post","link":"http:\/\/www.fyysika.ee\/vorgustik\/?p=1016","title":{"rendered":"Uus boson, Higgsil hea meel!"},"content":{"rendered":"<p><a href=\"http:\/\/www.fyysika.ee\/vorgustik\/wp-content\/uploads\/2012\/07\/peterhiggs.jpg\"><img loading=\"lazy\" class=\"alignnone size-full wp-image-1019\" title=\"peterhiggs\" src=\"http:\/\/www.fyysika.ee\/vorgustik\/wp-content\/uploads\/2012\/07\/peterhiggs.jpg\" alt=\"Peter Higgs\" width=\"769\" height=\"426\" srcset=\"http:\/\/www.fyysika.ee\/vorgustik\/wp-content\/uploads\/2012\/07\/peterhiggs.jpg 769w, http:\/\/www.fyysika.ee\/vorgustik\/wp-content\/uploads\/2012\/07\/peterhiggs-300x166.jpg 300w\" sizes=\"(max-width: 767px) 89vw, (max-width: 1000px) 54vw, (max-width: 1071px) 543px, 580px\" \/><\/a><\/p>\n<p>Peter Higgs avaldas t\u00e4na <a title=\"CERN\" href=\"http:\/\/public.web.cern.ch\/public\/\">CERNi seminaril<\/a> heameelt, et see juhtus tema eluajal. Rolf Heuer \u00fctles seminaril, et t\u00e4na on eriline p\u00e4ev, aga hoidus peategelast nimepidi nimetamast. Pressikonverentsil seletas ta, et kuigi k\u00f5ik on n\u00f5us, et see on olemas, oleme alles uue raja alguses ja vastuseta on esialgu k\u00fcsimus, kas see on standardmudeli Higgsi boson.<\/p>\n<p><a title=\"ERR Teadus\" href=\"http:\/\/teadus.err.ee\/artikkel?id=7353&amp;cat=1\">ERR teadusportaali kokkuv\u00f5te, Mario Kadastiku intervjuu.<\/a><br \/>\n<a title=\"Pressiteade\" href=\"http:\/\/press.web.cern.ch\/press\/PressReleases\/Releases2012\/PR17.12E.html\">CERNi pressiteade.<\/a><br \/>\nPeter Higgs ise intervjuud ei anna,<br \/>\naga tema ja paljude teiste salvestatud s\u00f5nav\u00f5tud on <a title=\"Videod\" href=\"http:\/\/cdsweb.cern.ch\/collection\/Videos\">CERNi videote<\/a> hulgas juba vaatata ja kuulata.<\/p>\n","protected":false},"excerpt":{"rendered":"<p>Peter Higgs avaldas t\u00e4na CERNi seminaril heameelt, et see juhtus tema eluajal. Rolf Heuer \u00fctles seminaril, et t\u00e4na on eriline p\u00e4ev, aga hoidus peategelast nimepidi nimetamast. Pressikonverentsil seletas ta, et kuigi k\u00f5ik on n\u00f5us, et see on olemas, oleme alles uue raja alguses ja vastuseta on esialgu k\u00fcsimus, kas see on standardmudeli Higgsi boson. ERR &hellip; <\/p>\n<p class=\"link-more\"><a href=\"http:\/\/www.fyysika.ee\/vorgustik\/?p=1016\" class=\"more-link\">Loe edasi<span class=\"screen-reader-text\"> &#8220;Uus boson, Higgsil hea meel!&#8221;<\/span><\/a><\/p>\n","protected":false},"author":2,"featured_media":0,"comment_status":"open","ping_status":"open","sticky":false,"template":"","format":"standard","meta":[],"categories":[7],"tags":[],"_links":{"self":[{"href":"http:\/\/www.fyysika.ee\/vorgustik\/index.php?rest_route=\/wp\/v2\/posts\/1016"}],"collection":[{"href":"http:\/\/www.fyysika.ee\/vorgustik\/index.php?rest_route=\/wp\/v2\/posts"}],"about":[{"href":"http:\/\/www.fyysika.ee\/vorgustik\/index.php?rest_route=\/wp\/v2\/types\/post"}],"author":[{"embeddable":true,"href":"http:\/\/www.fyysika.ee\/vorgustik\/index.php?rest_route=\/wp\/v2\/users\/2"}],"replies":[{"embeddable":true,"href":"http:\/\/www.fyysika.ee\/vorgustik\/index.php?rest_route=%2Fwp%2Fv2%2Fcomments&post=1016"}],"version-history":[{"count":10,"href":"http:\/\/www.fyysika.ee\/vorgustik\/index.php?rest_route=\/wp\/v2\/posts\/1016\/revisions"}],"predecessor-version":[{"id":1029,"href":"http:\/\/www.fyysika.ee\/vorgustik\/index.php?rest_route=\/wp\/v2\/posts\/1016\/revisions\/1029"}],"wp:attachment":[{"href":"http:\/\/www.fyysika.ee\/vorgustik\/index.php?rest_route=%2Fwp%2Fv2%2Fmedia&parent=1016"}],"wp:term":[{"taxonomy":"category","embeddable":true,"href":"http:\/\/www.fyysika.ee\/vorgustik\/index.php?rest_route=%2Fwp%2Fv2%2Fcategories&post=1016"},{"taxonomy":"post_tag","embeddable":true,"href":"http:\/\/www.fyysika.ee\/vorgustik\/index.php?rest_route=%2Fwp%2Fv2%2Ftags&post=1016"}],"curies":[{"name":"wp","href":"https:\/\/api.w.org\/{rel}","templated":true}]}}