{"id":1066,"date":"2012-08-31T15:11:04","date_gmt":"2012-08-31T15:11:04","guid":{"rendered":"http:\/\/www.fyysika.ee\/vorgustik\/?p=1066"},"modified":"2012-09-09T21:28:36","modified_gmt":"2012-09-09T21:28:36","slug":"ainekava-koolituse-teine-osa","status":"publish","type":"post","link":"http:\/\/www.fyysika.ee\/vorgustik\/?p=1066","title":{"rendered":"Ainekava koolituse teine osa"},"content":{"rendered":"<p>14. ja 15. septembril toimuvate <a href=\"http:\/\/www.fyysika.ee\/vorgustik\/wp-content\/uploads\/2012\/08\/septembri-kava.pdf\">loengute ja praktiliste t\u00f6\u00f6de plaanile<\/a> v\u00f5ib n\u00fc\u00fcd lisada ka t\u00e4psema <a href=\"http:\/\/www.fyysika.ee\/vorgustik\/wp-content\/uploads\/2012\/08\/KavaII.pdf\">ajalise ja nimelise kava<\/a>.<\/p>\n<p>Koduse t\u00f6\u00f6na oodatakse k\u00f5igilt osalejailt tagasisidet FLA \u00f5pikule. 23. ja 24. augusti kursusel jagati \u00f5piku toorik paberile tr\u00fckituna ja see on saadaval aadressil <a href=\"..\/..\/doc\/FLA_opik.pdf\">www.fyysika.ee\/doc\/FLA_opik.pdf<\/a>.\u00a0 Arvamused, parandused, t\u00e4iendused, k\u00fcsimused jms saata aadressile kalev.tarkpea@ut.ee v\u00f5i tuua koolitusele kaasa (14. septembril kell 12.00).<\/p>\n<p>Koolitus toimub seekord <a title=\"Poska\" href=\"http:\/\/www.jpg.tartu.ee\/\">Tartu Jaan Poska G\u00fcmnaasiumis<\/a> (Vanemuise 35, Tartu Rahu maja). Koolimaja uks on pidevalt lukus, palume algusaegadest kinni pidada.<\/p>\n<p>Vanemuise t\u00e4naval on t\u00f6\u00f6p\u00e4evadel parkimine tasuline. Akadeemia ja Pepleri t\u00e4nava vahel on parkimispiirkond C120 (1h-0,5\u20ac), kesklinna pool kallim, Pepleri t\u00e4naval ja sealt edasi tasuta. P\u00f5jalikum <a title=\"Parkimine\" href=\"https:\/\/www.tartu.ee\/data\/Parkimisala_010711.pdf\">parkimisskeem<\/a> <a title=\"Tartu\" href=\"http:\/\/www.tartu.ee\/?lang_id=1&amp;menu_id=6&amp;page_id=3993\">Tartu linna<\/a> kodulehel. Laup\u00e4eviti on parkimine Tartu t\u00e4navail tasuta.<\/p>\n<p>Korraldajad paluvad igal juhul teatada, kui keegi ei saa koolitusel osaleda v\u00f5i ei kasuta pakutavat \u00f6\u00f6maja. Kirjutage Riinale v\u00f5i Kaidole. T\u00e4pne teadmine osalejate arvu kohta hoiab tublisti kokku raha ja aega.<\/p>\n","protected":false},"excerpt":{"rendered":"<p>14. ja 15. septembril toimuvate loengute ja praktiliste t\u00f6\u00f6de plaanile v\u00f5ib n\u00fc\u00fcd lisada ka t\u00e4psema ajalise ja nimelise kava. Koduse t\u00f6\u00f6na oodatakse k\u00f5igilt osalejailt tagasisidet FLA \u00f5pikule. 23. ja 24. augusti kursusel jagati \u00f5piku toorik paberile tr\u00fckituna ja see on saadaval aadressil www.fyysika.ee\/doc\/FLA_opik.pdf.\u00a0 Arvamused, parandused, t\u00e4iendused, k\u00fcsimused jms saata aadressile kalev.tarkpea@ut.ee v\u00f5i tuua koolitusele kaasa &hellip; <\/p>\n<p class=\"link-more\"><a href=\"http:\/\/www.fyysika.ee\/vorgustik\/?p=1066\" class=\"more-link\">Loe edasi<span class=\"screen-reader-text\"> &#8220;Ainekava koolituse teine osa&#8221;<\/span><\/a><\/p>\n","protected":false},"author":2,"featured_media":0,"comment_status":"open","ping_status":"open","sticky":false,"template":"","format":"standard","meta":[],"categories":[6],"tags":[],"_links":{"self":[{"href":"http:\/\/www.fyysika.ee\/vorgustik\/index.php?rest_route=\/wp\/v2\/posts\/1066"}],"collection":[{"href":"http:\/\/www.fyysika.ee\/vorgustik\/index.php?rest_route=\/wp\/v2\/posts"}],"about":[{"href":"http:\/\/www.fyysika.ee\/vorgustik\/index.php?rest_route=\/wp\/v2\/types\/post"}],"author":[{"embeddable":true,"href":"http:\/\/www.fyysika.ee\/vorgustik\/index.php?rest_route=\/wp\/v2\/users\/2"}],"replies":[{"embeddable":true,"href":"http:\/\/www.fyysika.ee\/vorgustik\/index.php?rest_route=%2Fwp%2Fv2%2Fcomments&post=1066"}],"version-history":[{"count":6,"href":"http:\/\/www.fyysika.ee\/vorgustik\/index.php?rest_route=\/wp\/v2\/posts\/1066\/revisions"}],"predecessor-version":[{"id":1070,"href":"http:\/\/www.fyysika.ee\/vorgustik\/index.php?rest_route=\/wp\/v2\/posts\/1066\/revisions\/1070"}],"wp:attachment":[{"href":"http:\/\/www.fyysika.ee\/vorgustik\/index.php?rest_route=%2Fwp%2Fv2%2Fmedia&parent=1066"}],"wp:term":[{"taxonomy":"category","embeddable":true,"href":"http:\/\/www.fyysika.ee\/vorgustik\/index.php?rest_route=%2Fwp%2Fv2%2Fcategories&post=1066"},{"taxonomy":"post_tag","embeddable":true,"href":"http:\/\/www.fyysika.ee\/vorgustik\/index.php?rest_route=%2Fwp%2Fv2%2Ftags&post=1066"}],"curies":[{"name":"wp","href":"https:\/\/api.w.org\/{rel}","templated":true}]}}