{"id":110,"date":"2011-01-15T20:46:18","date_gmt":"2011-01-15T20:46:18","guid":{"rendered":"http:\/\/www.fyysika.ee\/vorgustik\/?p=110"},"modified":"2011-03-22T17:30:33","modified_gmt":"2011-03-22T17:30:33","slug":"saka-tunnid","status":"publish","type":"post","link":"http:\/\/www.fyysika.ee\/vorgustik\/?p=110","title":{"rendered":"Saka seminari n\u00e4idistunnid"},"content":{"rendered":"<p>Talvisel koolivaheajal toimus Saka m\u00f5isas neli f\u00fc\u00fcsikatundi. Palutakse lahkelt kordussaadet vaadata ja julgelt kommenteerida.<\/p>\n<p>Salvestuste UTTV lingid :<br \/>\n<a title=\"Enn P\u00e4rtel\" href=\"http:\/\/uttv.ee\/naita?id=3959\">Soojus\u00fclekanne &#8211; Enn P\u00e4rtel<\/a><br \/>\n<a title=\"Henn Voolaid\" href=\"http:\/\/uttv.ee\/naita?id=3957\">Heli ja selle omadused &#8211; Henn Voolaid<\/a><br \/>\n<a title=\"Kalev Tarkpea\" href=\"http:\/\/uttv.ee\/naita?id=3958\">Printsiibid f\u00fc\u00fcsikas \u2013 k\u00f5ige \u00fcldisemad t\u00f5demused looduse kohta. V\u00f5rdlus aksioomidega matemaatikas &#8211; Kalev Tarkpea<\/a><br \/>\n<a title=\"Jaan Paaver\" href=\"http:\/\/uttv.ee\/naita?id=3960\">Printsiibid f\u00fc\u00fcsikas \u2013 k\u00f5ige \u00fcldisemad t\u00f5demused looduse kohta. V\u00f5rdlus aksioomidega matemaatikas &#8211; Jaan Paaver<\/a><\/p>\n<p><a href=\"http:\/\/www.fyysika.ee\/vorgustik\/wp-content\/uploads\/2011\/01\/torn.jpg\"><img loading=\"lazy\" class=\"aligncenter size-full wp-image-113\" title=\"Torn\" src=\"http:\/\/www.fyysika.ee\/vorgustik\/wp-content\/uploads\/2011\/01\/torn.jpg\" alt=\"Torn\" width=\"2266\" height=\"817\" srcset=\"http:\/\/www.fyysika.ee\/vorgustik\/wp-content\/uploads\/2011\/01\/torn.jpg 2266w, http:\/\/www.fyysika.ee\/vorgustik\/wp-content\/uploads\/2011\/01\/torn-300x108.jpg 300w, http:\/\/www.fyysika.ee\/vorgustik\/wp-content\/uploads\/2011\/01\/torn-1024x369.jpg 1024w\" sizes=\"(max-width: 767px) 89vw, (max-width: 1000px) 54vw, (max-width: 1071px) 543px, 580px\" \/><\/a><\/p>\n","protected":false},"excerpt":{"rendered":"<p>Talvisel koolivaheajal toimus Saka m\u00f5isas neli f\u00fc\u00fcsikatundi. Palutakse lahkelt kordussaadet vaadata ja julgelt kommenteerida. Salvestuste UTTV lingid : Soojus\u00fclekanne &#8211; Enn P\u00e4rtel Heli ja selle omadused &#8211; Henn Voolaid Printsiibid f\u00fc\u00fcsikas \u2013 k\u00f5ige \u00fcldisemad t\u00f5demused looduse kohta. V\u00f5rdlus aksioomidega matemaatikas &#8211; Kalev Tarkpea Printsiibid f\u00fc\u00fcsikas \u2013 k\u00f5ige \u00fcldisemad t\u00f5demused looduse kohta. V\u00f5rdlus aksioomidega matemaatikas &#8211; &hellip; <\/p>\n<p class=\"link-more\"><a href=\"http:\/\/www.fyysika.ee\/vorgustik\/?p=110\" class=\"more-link\">Loe edasi<span class=\"screen-reader-text\"> &#8220;Saka seminari n\u00e4idistunnid&#8221;<\/span><\/a><\/p>\n","protected":false},"author":2,"featured_media":0,"comment_status":"open","ping_status":"open","sticky":false,"template":"","format":"standard","meta":[],"categories":[9,8,5],"tags":[],"_links":{"self":[{"href":"http:\/\/www.fyysika.ee\/vorgustik\/index.php?rest_route=\/wp\/v2\/posts\/110"}],"collection":[{"href":"http:\/\/www.fyysika.ee\/vorgustik\/index.php?rest_route=\/wp\/v2\/posts"}],"about":[{"href":"http:\/\/www.fyysika.ee\/vorgustik\/index.php?rest_route=\/wp\/v2\/types\/post"}],"author":[{"embeddable":true,"href":"http:\/\/www.fyysika.ee\/vorgustik\/index.php?rest_route=\/wp\/v2\/users\/2"}],"replies":[{"embeddable":true,"href":"http:\/\/www.fyysika.ee\/vorgustik\/index.php?rest_route=%2Fwp%2Fv2%2Fcomments&post=110"}],"version-history":[{"count":7,"href":"http:\/\/www.fyysika.ee\/vorgustik\/index.php?rest_route=\/wp\/v2\/posts\/110\/revisions"}],"predecessor-version":[{"id":371,"href":"http:\/\/www.fyysika.ee\/vorgustik\/index.php?rest_route=\/wp\/v2\/posts\/110\/revisions\/371"}],"wp:attachment":[{"href":"http:\/\/www.fyysika.ee\/vorgustik\/index.php?rest_route=%2Fwp%2Fv2%2Fmedia&parent=110"}],"wp:term":[{"taxonomy":"category","embeddable":true,"href":"http:\/\/www.fyysika.ee\/vorgustik\/index.php?rest_route=%2Fwp%2Fv2%2Fcategories&post=110"},{"taxonomy":"post_tag","embeddable":true,"href":"http:\/\/www.fyysika.ee\/vorgustik\/index.php?rest_route=%2Fwp%2Fv2%2Ftags&post=110"}],"curies":[{"name":"wp","href":"https:\/\/api.w.org\/{rel}","templated":true}]}}