{"id":1513,"date":"2018-08-21T19:46:30","date_gmt":"2018-08-21T19:46:30","guid":{"rendered":"http:\/\/www.fyysika.ee\/vorgustik\/?p=1513"},"modified":"2018-08-21T19:54:55","modified_gmt":"2018-08-21T19:54:55","slug":"suvekool-labi-kool-algamas","status":"publish","type":"post","link":"http:\/\/www.fyysika.ee\/vorgustik\/?p=1513","title":{"rendered":"Suvekool l\u00e4bi, kool algamas"},"content":{"rendered":"<p>Niisiis, suvekool sai tehtud. M\u00f5nede arvamuste kohaselt t\u00e4itsa edukalt.<\/p>\n<p>Kes tahab meenutada v\u00f5i toimunust aimu saada, see v\u00f5iks sirvida <a href=\"http:\/\/www.fyysika.ee\/vorgustik\/?bwg_gallery=suvekool-2018\">fotoalbumit<\/a>, mille Jaan Paaver \u00fcles v\u00f5ttis ja vaatamiseks ette valmistas.<\/p>\n<p>Suvekooli materjalid hakkavad ilmuma j\u00e4rgnevatel n\u00e4dalatel ja kuudel. Siin ja <a href=\"http:\/\/www.fyysika.ee\/vorgustik\/?page_id=1412\">Mesilases<\/a>.<\/p>\n<p>Hoiame sidet!<br \/>\n<figure id=\"attachment_1491\" aria-describedby=\"caption-attachment-1491\" style=\"width: 525px\" class=\"wp-caption aligncenter\"><a href=\"http:\/\/www.fyysika.ee\/vorgustik\/wp-content\/uploads\/2018\/08\/IMG_7887.jpg\"><img loading=\"lazy\" class=\"wp-image-1491 size-large\" src=\"http:\/\/www.fyysika.ee\/vorgustik\/wp-content\/uploads\/2018\/08\/IMG_7887-1024x768.jpg\" alt=\"\" width=\"525\" height=\"394\" srcset=\"http:\/\/www.fyysika.ee\/vorgustik\/wp-content\/uploads\/2018\/08\/IMG_7887-1024x768.jpg 1024w, http:\/\/www.fyysika.ee\/vorgustik\/wp-content\/uploads\/2018\/08\/IMG_7887-300x225.jpg 300w, http:\/\/www.fyysika.ee\/vorgustik\/wp-content\/uploads\/2018\/08\/IMG_7887-768x576.jpg 768w\" sizes=\"(max-width: 525px) 100vw, 525px\" \/><\/a><figcaption id=\"caption-attachment-1491\" class=\"wp-caption-text\">Hetk suvekoolist. Parajasti on alanud teine p\u00e4ev ja Teadusbussi esitlus.<\/figcaption><\/figure><\/p>\n","protected":false},"excerpt":{"rendered":"<p>Niisiis, suvekool sai tehtud. M\u00f5nede arvamuste kohaselt t\u00e4itsa edukalt. Kes tahab meenutada v\u00f5i toimunust aimu saada, see v\u00f5iks sirvida fotoalbumit, mille Jaan Paaver \u00fcles v\u00f5ttis ja vaatamiseks ette valmistas. Suvekooli materjalid hakkavad ilmuma j\u00e4rgnevatel n\u00e4dalatel ja kuudel. Siin ja Mesilases. Hoiame sidet!<\/p>\n","protected":false},"author":1,"featured_media":0,"comment_status":"closed","ping_status":"closed","sticky":false,"template":"","format":"standard","meta":[],"categories":[6],"tags":[],"_links":{"self":[{"href":"http:\/\/www.fyysika.ee\/vorgustik\/index.php?rest_route=\/wp\/v2\/posts\/1513"}],"collection":[{"href":"http:\/\/www.fyysika.ee\/vorgustik\/index.php?rest_route=\/wp\/v2\/posts"}],"about":[{"href":"http:\/\/www.fyysika.ee\/vorgustik\/index.php?rest_route=\/wp\/v2\/types\/post"}],"author":[{"embeddable":true,"href":"http:\/\/www.fyysika.ee\/vorgustik\/index.php?rest_route=\/wp\/v2\/users\/1"}],"replies":[{"embeddable":true,"href":"http:\/\/www.fyysika.ee\/vorgustik\/index.php?rest_route=%2Fwp%2Fv2%2Fcomments&post=1513"}],"version-history":[{"count":8,"href":"http:\/\/www.fyysika.ee\/vorgustik\/index.php?rest_route=\/wp\/v2\/posts\/1513\/revisions"}],"predecessor-version":[{"id":1521,"href":"http:\/\/www.fyysika.ee\/vorgustik\/index.php?rest_route=\/wp\/v2\/posts\/1513\/revisions\/1521"}],"wp:attachment":[{"href":"http:\/\/www.fyysika.ee\/vorgustik\/index.php?rest_route=%2Fwp%2Fv2%2Fmedia&parent=1513"}],"wp:term":[{"taxonomy":"category","embeddable":true,"href":"http:\/\/www.fyysika.ee\/vorgustik\/index.php?rest_route=%2Fwp%2Fv2%2Fcategories&post=1513"},{"taxonomy":"post_tag","embeddable":true,"href":"http:\/\/www.fyysika.ee\/vorgustik\/index.php?rest_route=%2Fwp%2Fv2%2Ftags&post=1513"}],"curies":[{"name":"wp","href":"https:\/\/api.w.org\/{rel}","templated":true}]}}