{"id":1548,"date":"2019-04-07T11:26:40","date_gmt":"2019-04-07T08:26:40","guid":{"rendered":"http:\/\/www.fyysika.ee\/vorgustik\/?p=1548"},"modified":"2019-04-25T08:46:19","modified_gmt":"2019-04-25T05:46:19","slug":"xlix-eesti-fuusikapaevad-ja-xxxxi-fuusikaopetajate-paevad","status":"publish","type":"post","link":"http:\/\/www.fyysika.ee\/vorgustik\/?p=1548","title":{"rendered":"XLIX Eesti f\u00fc\u00fcsikap\u00e4evad ja XLI f\u00fc\u00fcsika\u00f5petajate p\u00e4evad"},"content":{"rendered":"<p>XLIX Eesti f\u00fc\u00fcsikap\u00e4evad ja XLI f\u00fc\u00fcsika\u00f5petajate p\u00e4evad toimuvad 26.-27. aprillil Tallinnas, Eesti Teaduste Akadeemia hoones ja Tartus, T\u00dc F\u00fc\u00fcsikumis.<\/p>\n<p>Koos seekordsete f\u00fc\u00fcsikap\u00e4evadega t\u00e4histame Eesti F\u00fc\u00fcsika Seltsi asutamise 30. aastap\u00e4eva.<\/p>\n<p><strong>Reede, 26. aprill on f\u00fc\u00fcsika\u00f5petajate p\u00e4ev, mis toimub Tartus, T\u00dc F\u00fc\u00fcsikumis.<\/strong> Lisaks \u00f5petamist puudutavatele ettekannetele ja t\u00f6\u00f6tubadele v\u00f5tame aruteludes ette kaks teemat.<\/p>\n<p><strong>F\u00fc\u00fcsika riiklikud \u00f5ppekavad<\/strong>. HTM on algatanud j\u00e4rjekordse \u00f5ppekavade muutmise, see protsess on kestnud juba poolteist aastat ning on andnud esimese vahetulemuse. V\u00f5tame seda arutada. Kohal on f\u00fc\u00fcsikute \u00f5ppekava arenduse t\u00f6\u00f6r\u00fchma liikmed ja teised asjasse puutuvad isikud. K\u00f5nealuste ettepanekutega saab tutvuda ja neid kommenteerida aadressil <a href=\"https:\/\/goo.gl\/Ad2P6J\">https:\/\/goo.gl\/Ad2P6J<\/a>.<\/p>\n<p><strong>Eesti f\u00fc\u00fcsikaol\u00fcmpiaadid<\/strong>. Kui Eesti \u00f5pilaste esinemine rahvusvahelistel ol\u00fcmpiaadidel on j\u00e4tkuvalt edukas, siis Eestis f\u00fc\u00fcsikaol\u00fcmpiaadide kandepind pigem v\u00e4heneb, koos sellega ka osalejate keskmine tase. Kuidas edasi? Kohal on Eesti f\u00fc\u00fcsikaol\u00fcmpiaadide \u017e\u00fcrii liikmed.<\/p>\n<p>Toimub ka EFS f\u00fc\u00fcsika\u00f5petajate osakonna \u00fcldkogu ning valitakse osakonnale uus juhatus.<\/p>\n<p><strong>Laup\u00e4eval, 27. aprillil r\u00e4\u00e4gime Tallinnas, Eesti Teaduste Akadeemia hoones teadusest.<\/strong> Muuhulgas v\u00f5tame aruteludes ette Eesti f\u00fc\u00fcsikateaduse ja f\u00fc\u00fcsikahariduse t\u00e4nase olukorra ja tulevikuperspektiivid.<\/p>\n<p><span style=\"color: #ff0000;\">T\u00e4psem info:\u00a0<a style=\"color: #ff0000;\" href=\"http:\/\/www.fyysika.ee\/vorgustik\/?page_id=1544\">http:\/\/www.fyysika.ee\/vorgustik\/?page_id=1544<\/a><\/span><\/p>\n","protected":false},"excerpt":{"rendered":"<p>XLIX Eesti f\u00fc\u00fcsikap\u00e4evad ja XLI f\u00fc\u00fcsika\u00f5petajate p\u00e4evad toimuvad 26.-27. aprillil Tallinnas, Eesti Teaduste Akadeemia hoones ja Tartus, T\u00dc F\u00fc\u00fcsikumis. Koos seekordsete f\u00fc\u00fcsikap\u00e4evadega t\u00e4histame Eesti F\u00fc\u00fcsika Seltsi asutamise 30. aastap\u00e4eva. Reede, 26. aprill on f\u00fc\u00fcsika\u00f5petajate p\u00e4ev, mis toimub Tartus, T\u00dc F\u00fc\u00fcsikumis. Lisaks \u00f5petamist puudutavatele ettekannetele ja t\u00f6\u00f6tubadele v\u00f5tame aruteludes ette kaks teemat. F\u00fc\u00fcsika riiklikud \u00f5ppekavad. HTM &hellip; <\/p>\n<p class=\"link-more\"><a href=\"http:\/\/www.fyysika.ee\/vorgustik\/?p=1548\" class=\"more-link\">Loe edasi<span class=\"screen-reader-text\"> &#8220;XLIX Eesti f\u00fc\u00fcsikap\u00e4evad ja XLI f\u00fc\u00fcsika\u00f5petajate p\u00e4evad&#8221;<\/span><\/a><\/p>\n","protected":false},"author":1,"featured_media":0,"comment_status":"closed","ping_status":"closed","sticky":false,"template":"","format":"standard","meta":[],"categories":[6],"tags":[],"_links":{"self":[{"href":"http:\/\/www.fyysika.ee\/vorgustik\/index.php?rest_route=\/wp\/v2\/posts\/1548"}],"collection":[{"href":"http:\/\/www.fyysika.ee\/vorgustik\/index.php?rest_route=\/wp\/v2\/posts"}],"about":[{"href":"http:\/\/www.fyysika.ee\/vorgustik\/index.php?rest_route=\/wp\/v2\/types\/post"}],"author":[{"embeddable":true,"href":"http:\/\/www.fyysika.ee\/vorgustik\/index.php?rest_route=\/wp\/v2\/users\/1"}],"replies":[{"embeddable":true,"href":"http:\/\/www.fyysika.ee\/vorgustik\/index.php?rest_route=%2Fwp%2Fv2%2Fcomments&post=1548"}],"version-history":[{"count":4,"href":"http:\/\/www.fyysika.ee\/vorgustik\/index.php?rest_route=\/wp\/v2\/posts\/1548\/revisions"}],"predecessor-version":[{"id":1577,"href":"http:\/\/www.fyysika.ee\/vorgustik\/index.php?rest_route=\/wp\/v2\/posts\/1548\/revisions\/1577"}],"wp:attachment":[{"href":"http:\/\/www.fyysika.ee\/vorgustik\/index.php?rest_route=%2Fwp%2Fv2%2Fmedia&parent=1548"}],"wp:term":[{"taxonomy":"category","embeddable":true,"href":"http:\/\/www.fyysika.ee\/vorgustik\/index.php?rest_route=%2Fwp%2Fv2%2Fcategories&post=1548"},{"taxonomy":"post_tag","embeddable":true,"href":"http:\/\/www.fyysika.ee\/vorgustik\/index.php?rest_route=%2Fwp%2Fv2%2Ftags&post=1548"}],"curies":[{"name":"wp","href":"https:\/\/api.w.org\/{rel}","templated":true}]}}