{"id":1619,"date":"2019-08-10T12:28:11","date_gmt":"2019-08-10T09:28:11","guid":{"rendered":"http:\/\/www.fyysika.ee\/vorgustik\/?p=1619"},"modified":"2019-08-10T12:34:09","modified_gmt":"2019-08-10T09:34:09","slug":"oli-aineuhenduste-suveseminar","status":"publish","type":"post","link":"http:\/\/www.fyysika.ee\/vorgustik\/?p=1619","title":{"rendered":"Oli aine\u00fchenduste suveseminar"},"content":{"rendered":"<p>Niisiis, &#8220;E-koolikott on keskkond \u00f5ppematerjalide leidmiseks, avaldamiseks ja \u00f5ppematerjalidest kogumike komplekteerimiseks.&#8221; K\u00e4igus aastast 2015. Mart Laanpere ja TL\u00dc poolt eelanal\u00fc\u00fcsitud. L\u00e4binud \u00f5ige mitmeid arenduse etappe.<\/p>\n<p>Seda &#8220;elu m\u00f5tet&#8221; ja protsessi arvestades on t\u00e4iesti arusaamatu, kuidas on saanud tekkida olukord, kus 2019.aasta suvel E-koolikoti esindajad r\u00e4\u00e4givad, kuidas nad n\u00fc\u00fcd on hakanud tegelema E-koolikoti materjalide autori\u00f5iguste k\u00fcsimustega (r\u00e4\u00e4kimata t\u00e4iesti triviaalsetest s\u00fcsteemi arendustest, nagu v\u00f5imalus teha materjale n\u00e4htavaks ainult autorile ja toimetajatele).<\/p>\n<p>Miks nii traagilises toonis?<\/p>\n<p>Aga andmebaasi alusp\u00f5him\u00f5tete koostamisel tehtud vead v\u00f5ivad kergesti viia selleni, et kogu projektiga tuleb otsast alustada. Sest, konkreetsel n\u00e4itel, kui ei ole teada, kas E-koolikoti materjalides kasutatud piltide, tekstide jms autori\u00f5igustega on k\u00f5ik korras, siis t\u00e4hendab see, et k\u00f5ik tuleb \u00fcle vaadata. Kogemus \u00fctleb, et igas toimetamata materjalis on probleeme, mis t\u00e4hendab, et materjal tuleb &#8220;autorile tagasi saata&#8221;, ehk siis k\u00f5ik algabki otsast (see m\u00f5te \u00f6eldi sessioonil ka mitmel korral v\u00e4lja).<\/p>\n<p>Hullem veel, E-koolikoti esindajatel justkui ei olnud vastuseid, st teadmist, mis edasi juhtuma hakkab. Eriti seoses kogumikega. Kirjeldati vaid probleeme.<\/p>\n<p>Ma t\u00f5esti ei saa aru, millega on tegelenud k\u00f5ik need k\u00f5rged kogud, kes E-koolikotti arendanud &#8230; seda enam, et seda t\u00fc\u00fcpi repositooriumidega seonduvad p\u00f5him\u00f5ttelised probleemid on teaduskirjanduses h\u00e4sti \u00e4ra kirjeldatud (vt n\u00e4iteks <a href=\"https:\/\/ieeexplore.ieee.org\/document\/6461873\/\">https:\/\/ieeexplore.ieee.org\/document\/6461873\/<\/a>). Mis kogumikke puudutab, siis n\u00e4iteks kaks t\u00f5eliselt suurt e-materjalide keskkonda on materjalide remiksimise funktsiooni oma platvormis v\u00e4lja l\u00fclitanud. Miks?<\/p>\n<p>T\u00e4na peaks iga\u00fcks, kes sarnaseid arendusi planeerib v\u00f5i haldab, suutma n\u00e4idata, kuidas ta eelk\u00e4iad p\u00f5hja ajanud karidest m\u00f6\u00f6da kavatseb saada.<\/p>\n<p>Samas ei olnud sessioonil kohal \u00fchtki nendest, kes seda protsessi tegelikult suunavad. Nii et k\u00fcsida ei olnud kelleltki.<\/p>\n<p>Kui oleks kuuljaid k\u00f5rvu, siis soovitaksin v\u00e4lja vahetada k\u00f5ik eksperdid, kelle osalusel t\u00e4na t\u00f6\u00f6s olev kontseptsioon loodud. Sest j\u00e4rgmiste \u00e4mbrite kolin oli sessioonil juba kuulda &#8211; idee\/tahtmine, et E-koolikott v\u00f5iks olla nii \u00fcles laetud ja toimetatud materjalide kogu kui ka \u00f5petajatele oma materjalide \u00fcles laadimise koht, sisaldab juba eos probleeme, millega senist praktikat arvestades hakkama ei saada.<\/p>\n<p>Teisiti: haridus- ja teadusministeerium v\u00f5iks end kokku v\u00f5tta ja targaks tellijaks hakata. Eesti \u00f5petajad ja \u00f5pilased v\u00e4\u00e4rivad paremat &#8230; v\u00f5i v\u00e4hemalt seda, et haridusse suunatud vahendeid t\u00fchja ei kulutataks.<\/p>\n<p>Kaido Reivelt<br \/>\nEesti F\u00fc\u00fcsika Selts<br \/>\nT\u00dc koolif\u00fc\u00fcsika keskus<\/p>\n","protected":false},"excerpt":{"rendered":"<p>Niisiis, &#8220;E-koolikott on keskkond \u00f5ppematerjalide leidmiseks, avaldamiseks ja \u00f5ppematerjalidest kogumike komplekteerimiseks.&#8221; K\u00e4igus aastast 2015. Mart Laanpere ja TL\u00dc poolt eelanal\u00fc\u00fcsitud. L\u00e4binud \u00f5ige mitmeid arenduse etappe. Seda &#8220;elu m\u00f5tet&#8221; ja protsessi arvestades on t\u00e4iesti arusaamatu, kuidas on saanud tekkida olukord, kus 2019.aasta suvel E-koolikoti esindajad r\u00e4\u00e4givad, kuidas nad n\u00fc\u00fcd on hakanud tegelema E-koolikoti materjalide autori\u00f5iguste k\u00fcsimustega &hellip; <\/p>\n<p class=\"link-more\"><a href=\"http:\/\/www.fyysika.ee\/vorgustik\/?p=1619\" class=\"more-link\">Loe edasi<span class=\"screen-reader-text\"> &#8220;Oli aine\u00fchenduste suveseminar&#8221;<\/span><\/a><\/p>\n","protected":false},"author":1,"featured_media":0,"comment_status":"closed","ping_status":"closed","sticky":false,"template":"","format":"standard","meta":[],"categories":[7],"tags":[],"_links":{"self":[{"href":"http:\/\/www.fyysika.ee\/vorgustik\/index.php?rest_route=\/wp\/v2\/posts\/1619"}],"collection":[{"href":"http:\/\/www.fyysika.ee\/vorgustik\/index.php?rest_route=\/wp\/v2\/posts"}],"about":[{"href":"http:\/\/www.fyysika.ee\/vorgustik\/index.php?rest_route=\/wp\/v2\/types\/post"}],"author":[{"embeddable":true,"href":"http:\/\/www.fyysika.ee\/vorgustik\/index.php?rest_route=\/wp\/v2\/users\/1"}],"replies":[{"embeddable":true,"href":"http:\/\/www.fyysika.ee\/vorgustik\/index.php?rest_route=%2Fwp%2Fv2%2Fcomments&post=1619"}],"version-history":[{"count":5,"href":"http:\/\/www.fyysika.ee\/vorgustik\/index.php?rest_route=\/wp\/v2\/posts\/1619\/revisions"}],"predecessor-version":[{"id":1624,"href":"http:\/\/www.fyysika.ee\/vorgustik\/index.php?rest_route=\/wp\/v2\/posts\/1619\/revisions\/1624"}],"wp:attachment":[{"href":"http:\/\/www.fyysika.ee\/vorgustik\/index.php?rest_route=%2Fwp%2Fv2%2Fmedia&parent=1619"}],"wp:term":[{"taxonomy":"category","embeddable":true,"href":"http:\/\/www.fyysika.ee\/vorgustik\/index.php?rest_route=%2Fwp%2Fv2%2Fcategories&post=1619"},{"taxonomy":"post_tag","embeddable":true,"href":"http:\/\/www.fyysika.ee\/vorgustik\/index.php?rest_route=%2Fwp%2Fv2%2Ftags&post=1619"}],"curies":[{"name":"wp","href":"https:\/\/api.w.org\/{rel}","templated":true}]}}