{"id":167,"date":"2011-02-09T20:26:26","date_gmt":"2011-02-09T20:26:26","guid":{"rendered":"http:\/\/www.fyysika.ee\/vorgustik\/?p=167"},"modified":"2011-03-22T17:29:11","modified_gmt":"2011-03-22T17:29:11","slug":"abiks-uue-ainekava-rakendamisel","status":"publish","type":"post","link":"http:\/\/www.fyysika.ee\/vorgustik\/?p=167","title":{"rendered":"Abiks uue ainekava rakendamisel"},"content":{"rendered":"<p>G\u00fcnaasiumi kohustuslike kurususte soovituslik tunnijaotus:<br \/>\n<a href=\"http:\/\/www.fyysika.ee\/vorgustik\/wp-content\/uploads\/2011\/02\/Tunnijaotus.doc\">Tunnijaotus<\/a> <em>&#8211; f\u00fc\u00fcsika ainekava t\u00f6\u00f6r\u00fchm ja f\u00fc\u00fcsika\u00f5petajate v\u00f5rgustiku aktiiv<\/em><\/p>\n<p>L\u00f5iming ja muud juttu, mida v\u00f5ib kasutada oma kavade koostamisel:<br \/>\n<a href=\"http:\/\/www.fyysika.ee\/vorgustik\/wp-content\/uploads\/2011\/02\/L\u00f5iminguartikkel-2011.doc\">L\u00f5iminguartikkel 2011<\/a> <em>&#8211; Riina Murulaid<br \/>\n<\/em>\u00d5ppekava, palju selle rakendamisega seotud artikkleid on saadaval <a title=\"\u00d5ppekava portaal\" href=\"http:\/\/www.oppekava.ee\/index.php\/Esileht\">\u00d5ppekava portaalis<\/a>.<em><\/em><\/p>\n<p>V\u00e4ljav\u00f5te 2006. aastal rakendumata j\u00e4\u00e4nud ainekavadest, laiendatud f\u00fc\u00fcsika g\u00fcmnaasiumile. J\u00e4rgnev v\u00f5ib olla abiks lisakursuste planeerimisel ja on ka muidu kasulik lugeda:<br \/>\n<a href=\"http:\/\/www.fyysika.ee\/vorgustik\/wp-content\/uploads\/2011\/02\/G\u00fcmnaasiumi-f\u00fc\u00fcsika-laiendatud-ainekava-2006.doc\">G\u00fcmnaasiumi f\u00fc\u00fcsika laiendatud ainekava 2006<\/a> <em>&#8211; 2006. aasta ainekava t\u00f6\u00f6r\u00fchm<br \/>\n(r\u00fchma juht: Enn P\u00e4rtel, laiendatud f\u00fc\u00fcsika ainekava: Jaak J\u00f5gi, Elmu M\u00e4gi, Peet-M\u00e4rt Irdt, Muia Keerutaja ja Vahur Pohlasalu<\/em><em>)<\/em><\/p>\n<address><\/address>\n<p><a title=\"Rakendumine\" href=\"http:\/\/www.fyysika.ee\/vorgustik\/?p=91\">Aineakva rakendumisest<\/a> <em>&#8211; v\u00f5rgustik 2011<br \/>\n<\/em><\/p>\n","protected":false},"excerpt":{"rendered":"<p>G\u00fcnaasiumi kohustuslike kurususte soovituslik tunnijaotus: Tunnijaotus &#8211; f\u00fc\u00fcsika ainekava t\u00f6\u00f6r\u00fchm ja f\u00fc\u00fcsika\u00f5petajate v\u00f5rgustiku aktiiv L\u00f5iming ja muud juttu, mida v\u00f5ib kasutada oma kavade koostamisel: L\u00f5iminguartikkel 2011 &#8211; Riina Murulaid \u00d5ppekava, palju selle rakendamisega seotud artikkleid on saadaval \u00d5ppekava portaalis. V\u00e4ljav\u00f5te 2006. aastal rakendumata j\u00e4\u00e4nud ainekavadest, laiendatud f\u00fc\u00fcsika g\u00fcmnaasiumile. J\u00e4rgnev v\u00f5ib olla abiks lisakursuste planeerimisel ja &hellip; <\/p>\n<p class=\"link-more\"><a href=\"http:\/\/www.fyysika.ee\/vorgustik\/?p=167\" class=\"more-link\">Loe edasi<span class=\"screen-reader-text\"> &#8220;Abiks uue ainekava rakendamisel&#8221;<\/span><\/a><\/p>\n","protected":false},"author":2,"featured_media":0,"comment_status":"open","ping_status":"open","sticky":false,"template":"","format":"standard","meta":[],"categories":[9,8],"tags":[],"_links":{"self":[{"href":"http:\/\/www.fyysika.ee\/vorgustik\/index.php?rest_route=\/wp\/v2\/posts\/167"}],"collection":[{"href":"http:\/\/www.fyysika.ee\/vorgustik\/index.php?rest_route=\/wp\/v2\/posts"}],"about":[{"href":"http:\/\/www.fyysika.ee\/vorgustik\/index.php?rest_route=\/wp\/v2\/types\/post"}],"author":[{"embeddable":true,"href":"http:\/\/www.fyysika.ee\/vorgustik\/index.php?rest_route=\/wp\/v2\/users\/2"}],"replies":[{"embeddable":true,"href":"http:\/\/www.fyysika.ee\/vorgustik\/index.php?rest_route=%2Fwp%2Fv2%2Fcomments&post=167"}],"version-history":[{"count":11,"href":"http:\/\/www.fyysika.ee\/vorgustik\/index.php?rest_route=\/wp\/v2\/posts\/167\/revisions"}],"predecessor-version":[{"id":367,"href":"http:\/\/www.fyysika.ee\/vorgustik\/index.php?rest_route=\/wp\/v2\/posts\/167\/revisions\/367"}],"wp:attachment":[{"href":"http:\/\/www.fyysika.ee\/vorgustik\/index.php?rest_route=%2Fwp%2Fv2%2Fmedia&parent=167"}],"wp:term":[{"taxonomy":"category","embeddable":true,"href":"http:\/\/www.fyysika.ee\/vorgustik\/index.php?rest_route=%2Fwp%2Fv2%2Fcategories&post=167"},{"taxonomy":"post_tag","embeddable":true,"href":"http:\/\/www.fyysika.ee\/vorgustik\/index.php?rest_route=%2Fwp%2Fv2%2Ftags&post=167"}],"curies":[{"name":"wp","href":"https:\/\/api.w.org\/{rel}","templated":true}]}}