{"id":1685,"date":"2020-01-16T18:28:58","date_gmt":"2020-01-16T16:28:58","guid":{"rendered":"http:\/\/www.fyysika.ee\/vorgustik\/?p=1685"},"modified":"2020-01-16T18:28:58","modified_gmt":"2020-01-16T16:28:58","slug":"eelteated-fuusikaopetajate-paevad-ja-fuusikaopetajate-suvekool","status":"publish","type":"post","link":"http:\/\/www.fyysika.ee\/vorgustik\/?p=1685","title":{"rendered":"Eelteated: f\u00fc\u00fcsika\u00f5petajate p\u00e4evad ja f\u00fc\u00fcsika\u00f5petajate suvekool"},"content":{"rendered":"<p>Kuigi talve pole veel olnud, tuleb peagi ikka kevad ning sellega koos f\u00fc\u00fcsika- ja <strong>f\u00fc\u00fcsika\u00f5petajate p\u00e4evad 17.-18. aprillil<\/strong>. Nagu ikka, teine p\u00e4ev on p\u00f5hiliselt f\u00fc\u00fcsika\u00f5petjatele. V\u00f5ib-olla j\u00e4lle F\u00fc\u00fcsikumis, aga on ka teisi m\u00f5tteid, nii et p\u00fcsige liinil.<\/p>\n<p>Me k\u00f5ik teame, et ennustamine ja eriti just tuleviku ennustamine on t\u00e4namatu tegevus. Ometi on 18. aprilli esialgsesse p\u00e4evakavva planeeritud tulevikuteemad: kvantarvutid, tuuma- ja taastuvenergia, kuidas inimesed \u00fcha juhmimaks j\u00e4\u00e4vad, kuidas neid j\u00e4lgida ja kontrollida, n\u00e4iteks kiibistades. Heaks tavaks on saanud f\u00fc\u00fcsika \u00f5petajate kokkusaamistel korraldada m\u00f5ned lahedad t\u00f6\u00f6toad. Nii on seegi kord plaanis, kuigi ei oska veel ennustada, millised need tulevikuteemalised t\u00f6\u00f6toad tulevad.<\/p>\n<p>Tuleb ka suvi ja <strong>suvekool 12.-13. augustil Roosta Puhkek\u00fclas<\/strong>. Sinna on p\u00e4ris palju aega, aga juba on liikunud m\u00f5te teha koost\u00f6\u00f6d nende \u00f5petajatega, kes koolimajas tegelevad k\u00e4sit\u00f6\u00f6, meisterdamise, tehnika, tehnoloogia, aga ka leiutamisega.<\/p>\n","protected":false},"excerpt":{"rendered":"<p>Kuigi talve pole veel olnud, tuleb peagi ikka kevad ning sellega koos f\u00fc\u00fcsika- ja f\u00fc\u00fcsika\u00f5petajate p\u00e4evad 17.-18. aprillil. Nagu ikka, teine p\u00e4ev on p\u00f5hiliselt f\u00fc\u00fcsika\u00f5petjatele. V\u00f5ib-olla j\u00e4lle F\u00fc\u00fcsikumis, aga on ka teisi m\u00f5tteid, nii et p\u00fcsige liinil. Me k\u00f5ik teame, et ennustamine ja eriti just tuleviku ennustamine on t\u00e4namatu tegevus. Ometi on 18. aprilli esialgsesse &hellip; <\/p>\n<p class=\"link-more\"><a href=\"http:\/\/www.fyysika.ee\/vorgustik\/?p=1685\" class=\"more-link\">Loe edasi<span class=\"screen-reader-text\"> &#8220;Eelteated: f\u00fc\u00fcsika\u00f5petajate p\u00e4evad ja f\u00fc\u00fcsika\u00f5petajate suvekool&#8221;<\/span><\/a><\/p>\n","protected":false},"author":1,"featured_media":0,"comment_status":"closed","ping_status":"closed","sticky":false,"template":"","format":"standard","meta":[],"categories":[6],"tags":[],"_links":{"self":[{"href":"http:\/\/www.fyysika.ee\/vorgustik\/index.php?rest_route=\/wp\/v2\/posts\/1685"}],"collection":[{"href":"http:\/\/www.fyysika.ee\/vorgustik\/index.php?rest_route=\/wp\/v2\/posts"}],"about":[{"href":"http:\/\/www.fyysika.ee\/vorgustik\/index.php?rest_route=\/wp\/v2\/types\/post"}],"author":[{"embeddable":true,"href":"http:\/\/www.fyysika.ee\/vorgustik\/index.php?rest_route=\/wp\/v2\/users\/1"}],"replies":[{"embeddable":true,"href":"http:\/\/www.fyysika.ee\/vorgustik\/index.php?rest_route=%2Fwp%2Fv2%2Fcomments&post=1685"}],"version-history":[{"count":1,"href":"http:\/\/www.fyysika.ee\/vorgustik\/index.php?rest_route=\/wp\/v2\/posts\/1685\/revisions"}],"predecessor-version":[{"id":1686,"href":"http:\/\/www.fyysika.ee\/vorgustik\/index.php?rest_route=\/wp\/v2\/posts\/1685\/revisions\/1686"}],"wp:attachment":[{"href":"http:\/\/www.fyysika.ee\/vorgustik\/index.php?rest_route=%2Fwp%2Fv2%2Fmedia&parent=1685"}],"wp:term":[{"taxonomy":"category","embeddable":true,"href":"http:\/\/www.fyysika.ee\/vorgustik\/index.php?rest_route=%2Fwp%2Fv2%2Fcategories&post=1685"},{"taxonomy":"post_tag","embeddable":true,"href":"http:\/\/www.fyysika.ee\/vorgustik\/index.php?rest_route=%2Fwp%2Fv2%2Ftags&post=1685"}],"curies":[{"name":"wp","href":"https:\/\/api.w.org\/{rel}","templated":true}]}}