{"id":1688,"date":"2020-02-01T22:36:35","date_gmt":"2020-02-01T20:36:35","guid":{"rendered":"http:\/\/www.fyysika.ee\/vorgustik\/?p=1688"},"modified":"2020-02-05T16:45:43","modified_gmt":"2020-02-05T14:45:43","slug":"toimus-fermi-energia-konverents","status":"publish","type":"post","link":"http:\/\/www.fyysika.ee\/vorgustik\/?p=1688","title":{"rendered":"Toimus Fermi Energia konverents"},"content":{"rendered":"<p>Tallinnas, Kultuurikatlas oli teisip\u00e4eval Fermi Energia konverents,<br \/>\n<a href=\"https:\/\/fermi.ee\/\" target=\"_blank\" rel=\"noopener noreferrer\" data-saferedirecturl=\"https:\/\/www.google.com\/url?q=https:\/\/fermi.ee\/&amp;source=gmail&amp;ust=1580675174631000&amp;usg=AFQjCNGkGNW1Zm34uUcYK4FtIQUH0PbMQA\">https:\/\/fermi.ee\/<\/a>. Teiste tuumaliste hulgas v\u00f5is kohata mitme generatsiooni f\u00fc\u00fcsika \u00f5petajaid ja ka f\u00fc\u00fcsika \u00f5ppijaid. Tore, alati r\u00f5\u00f5m n\u00e4ha. Mulle tundub, et k\u00f5ik 28 kutsutud \u00f5petajat siiski kohale ei tulnud, mis on tegelikult loomulik v\u00f5i v\u00e4hemalt tavaline. Arvestades korraldajate tausta, eesm\u00e4rke ja plaani, v\u00f5iks arvata, et r\u00e4\u00e4giti enamjaolt \u00fchest asjast, aga nii see ei olnud. V\u00e4ikese moodulreaktori (VMR) rajamine oli k\u00fcll pealkiri, aga selle k\u00f5rval r\u00e4\u00e4giti ka \u00fcldiselt ja enamasti ka nn tavakuulajale m\u00f5istetavalt: tuumaenergiast, tuumaenergeetikast, tuumk\u00fctusest, tuumaj\u00e4\u00e4tmetest, tuumaohutusest, tuumaregulatsioonidest jms. Konverentsi v\u00f5ib \u00fcle kuulata v\u00f5i j\u00e4rele kuulata. Arvatavasti ei ole kuigi palju neid, kes v\u00f5taksid ette kogu konverentsi l\u00e4bi kuulata. V\u00f5taks ikka terve t\u00f6\u00f6p\u00e4eva. Kellel on vaba p\u00e4ev ja piisavalt tahtmist, v\u00f5ib seda muidugi teha. Neile, kes seda ette ei v\u00f5ta, tahan esitada m\u00f5ned m\u00e4rkmed sellest pikast p\u00e4evast.<\/p>\n<p>*** Konverentsil r\u00e4\u00e4giti p\u00e4ris p\u00f5hjalikult l\u00e4bi rahvusvaheline koost\u00f6\u00f6,<br \/>\nmis on tehtud selle nimel, et VMR t\u00f5esti k\u00f5igepealt v\u00f5imalikuks ja siis<br \/>\nka t\u00f5eliseks saaks. T\u00f6\u00f6d on tehtud k\u00f5vasti ja t\u00f5esti k\u00f5igi aspektidega<br \/>\non tegeldud. N\u00e4iteks kirjeldati pikas-p\u00f5hjalikus ettekandes, kuidas<br \/>\nt\u00f6\u00f6tati l\u00e4bi suur kogus v\u00f5imalikke tehnoloogiaid ja s\u00f5elale j\u00e4i neli,<br \/>\nmis sobiksid Eestisse paigaldatavaks VMR-iks. See t\u00f6\u00f6 on p\u00f5him\u00f5tteliselt aluseks kogu j\u00e4rgnevale anal\u00fc\u00fcsile. N\u00e4iteks koha valik, majanduslikud<br \/>\nk\u00fcsimused, juura, j\u00e4\u00e4tmed ja muu ohutus jms. K\u00f5ik see k\u00e4idi l\u00e4bi.<\/p>\n<p>*** Palju on k\u00fcsitud, kas ikka neljas (IV) p\u00f5lvkond v\u00f5i j\u00e4\u00e4b kolm ja<br \/>\npool (III+)? Neljast v\u00f5imalikust tehnoloogiast kaks oleksid t\u00f5esti<br \/>\nkauaoodatud IV p\u00f5lvkonnast. Kaks oleksid siiski pigem III+. See jaotus<br \/>\nei ole siiski nii lihtne. N\u00e4iteks ei ole \u00fchest seisukohta, kas<br \/>\np\u00f5lvkondadesse jagamine peaks olema sama suurtele tuumajaamadele ja v\u00e4ikestele \u00fcksikreaktoritele v\u00f5i tuleb neile eraldi ajajooned v\u00e4lja<br \/>\nt\u00f6\u00f6tada. Kas reaktorit on v\u00f5imalik uude p\u00f5lvkonda viia remondi,<br \/>\nt\u00e4isustamise ja \u00fcmberehitusega? Paistab, et III-andast v\u00f5ib saada k\u00fcll<br \/>\nIII+. Kas ka IV? Sellised ja igasugu muud k\u00fcsimused.<\/p>\n<p>*** Konverentsil esines \u00fcsna rahvusvaheline seltskond. Kuna eesti keele aasta just l\u00f5ppes ja sellest on palju juttu olnud, siis olgu \u00f6eldud, et<br \/>\nkonverents toimus kahes keeles, eesti ja inglise. K\u00f5ik t\u00f5lgiti<br \/>\ns\u00fcnkroonis edasi-tagasi. (Ootame pikisilmi masint\u00f5lke kvaliteedi<br \/>\nh\u00fcppelist t\u00f5usu, on ju lubatud!) R\u00e4\u00e4gitakse ju sedagi, et meie teadlased<br \/>\nkipuvad konverentsidel vabandama, et ei oskagi seda v\u00f5i teist asja eesti keeles \u00f6elda ja pole oma t\u00f6\u00f6st kunagi eesti keeles r\u00e4\u00e4kinud. V\u00f5in<br \/>\nkinnitada, et nii on, olen ise n\u00e4inud-kuulnud, kui see juhtub. Seekordne<br \/>\nkonverents j\u00e4ttis k\u00fcll t\u00e4iesti teise mulje. Eesti teadlastest r\u00e4\u00e4kis<br \/>\ninglise keeles ainult \u00fcks, kes ka vastas eestikeelsele k\u00fcsimusele<br \/>\ninglise keeles, tekitades sellega saalis ja laval v\u00e4ikese<br \/>\nkoomilis-kohmetu hetke. Meie tuumainsenerid ja tuumateadlased, keda ei<br \/>\nole ju kuigi palju, on v\u00e4ga asjalikud, professionaalsed ja oskavad<br \/>\nesineda nii eesti kui ka inglise keeles.<\/p>\n<p>*** Konverentsile ei olnud muidugi kutsutud \u00fchtegi tuumeenergia vastast<br \/>\naktivisti, k\u00fcll aga oli n\u00f6 kontrastiks paar tuumaenergeetika ala<br \/>\nentusiasti. Ma ei tea, kas oleks viisaks \u00f6elda tuumafanaatik v\u00f5i<br \/>\ntuumaaktivist. V\u00f5ib-olla pole viisakas, aga natuke sinnapoole m\u00f5nel<br \/>\nhetkel kaldus k\u00fcll. Huvi korral v\u00f5iks googeldada kahte nime: Bret<br \/>\nKugelmass ja Mathijs Beckers. Kugelmass pidas enne l\u00f5unat v\u00e4ga hea ja emotsionaalse k\u00f5ne. Internet n\u00e4itab, et ta on seda varem mitmel pool<br \/>\nharjutanud. Ta osales ka paneeldiskussioonis, kus tal tekkis \u00fcsna \u00e4ge<br \/>\nvaidus \u00fche teise osalisega. \u00d5petajana oli tore vaadata, kuidas<br \/>\nmoderaator kerkivale t\u00fclile pidurit t\u00f5mbas ja diskussiooniga sujuvalt<br \/>\nedasi l\u00e4ks. Minu isikliku 12 punkti saab Olli Kym\u00e4l\u00e4inen Fortumist, kes<br \/>\nr\u00e4\u00e4kis tasakaalustatult, m\u00f5istlikult ja viisakalt sellest, kuidas \u00fcks<br \/>\nriik \u00fcldse tuumaenergeetika riigiks saab. Noh, Soome ja Rootsi on ju<br \/>\nsaanud, aga vahepeal on v\u00e4ga palju vett L\u00e4\u00e4nemerre voolanud ja ajad pole<br \/>\nenam endised (IV p\u00f5lvkond ja VMR).<\/p>\n<p>*** Siin teen v\u00e4ikese k\u00f5rvalep\u00f5ike \u00fchele teisele loengup\u00e4evale, mis<br \/>\ntoimus paar p\u00e4eva hiljem. Jutt oli pigem looduse ja kliima k\u00fcsimustest,<br \/>\naga seal tuleb ka energeetika muidugi sisse. Tuumaenergeetikasse<br \/>\nkiputakse ikka suhtuma nii, nagu juba \u00fcle k\u00fcmne aasta on olnud. 2007.<br \/>\nhakati suure m\u00fcrinaga peale. Noored l\u00e4ksd Rootsi \u00f5ppima, need uudised on praegugi internetist leitavad. Siis \u00fcle k\u00fcmne aasta \u2013 mitte midagi. On<br \/>\nkasvanud usk, et see k\u00f5ik on ikkagi v\u00e4ga keeruline, ohtlik ja k\u00e4ib<br \/>\nv\u00e4ikesle vaesele riigile igapidi \u00fcle j\u00f5u. Pluss see rahvusvaheline<br \/>\nvastuseis (Saksamaal suletakse tuumajaamad, eksole) ja kohutavalt<br \/>\nkeeruline b\u00fcrokraatia. Nii et ega sellest l\u00e4hema 20-30 aastaga ikka<br \/>\nsuurt midagi v\u00e4lja ei tule. Ma ei tahtnud vaidlema hakata, aga p\u00e4rast<br \/>\nloengu l\u00f5ppu k\u00fcsisin lektorilt, kas teab, et oli selline konverents<br \/>\nTallinnas. Ta \u00fctles, et on kursis, aga ei saanud aega kohale tulla,<br \/>\nvaatas natuke \u00fclekannet. \u00dcldiselt on suhtumine ikka selline, et ja-jah,<br \/>\neks me n\u00e4e, see tahab veel m\u00f5telmist, ps\u00fchholoogiliselt ja poliitiliselt<br \/>\nv\u00e4ga tundlik teema jne.<\/p>\n<p>*** Sellega v\u00f5ikski l\u00f5petada. Kindlasti soovitan vaadata konverentsi<br \/>\nl\u00f5puk\u00f5net\u00a0<a href=\"https:\/\/fermi.ee\/konverents\/\" target=\"_blank\" rel=\"noopener noreferrer\" data-saferedirecturl=\"https:\/\/www.google.com\/url?q=https:\/\/fermi.ee\/konverents\/&amp;source=gmail&amp;ust=1580675174631000&amp;usg=AFQjCNHEbvdzqa2hrXFl7PZf1RgHA4h22Q\">https:\/\/fermi.ee\/konverents\/<\/a>, See algab siis, kui konverentsi<br \/>\nalgusest on kell k\u00e4inud 6 tundi ja 55 minutit. Vaadata v\u00f5iks muidugi<br \/>\nsellep\u00e4rast, et saada aimu kuidas toimivad t\u00e4nap\u00e4eval t\u00f5eliselt<br \/>\nentusiastlikud inimesed. Olulisem on siiski see, et seal r\u00e4\u00e4gitakse ka<br \/>\nplaanidest ja antakse koguni \u00fcsna konkreetseid lubadusi. Kuidas te ka<br \/>\nise suhtute, hoidke noored v\u00e4hemalt kursis, mis toimub me maal.<\/p>\n<p>Ah jaa, 2007. aasta noored stipendiaadid on tagasi. Ikka veel noored ja<br \/>\nv\u00e4ga tegusad.<\/p>\n<p>Jaan Paaver<\/p>\n","protected":false},"excerpt":{"rendered":"<p>Tallinnas, Kultuurikatlas oli teisip\u00e4eval Fermi Energia konverents, https:\/\/fermi.ee\/. Teiste tuumaliste hulgas v\u00f5is kohata mitme generatsiooni f\u00fc\u00fcsika \u00f5petajaid ja ka f\u00fc\u00fcsika \u00f5ppijaid. Tore, alati r\u00f5\u00f5m n\u00e4ha. Mulle tundub, et k\u00f5ik 28 kutsutud \u00f5petajat siiski kohale ei tulnud, mis on tegelikult loomulik v\u00f5i v\u00e4hemalt tavaline. Arvestades korraldajate tausta, eesm\u00e4rke ja plaani, v\u00f5iks arvata, et r\u00e4\u00e4giti enamjaolt \u00fchest &hellip; <\/p>\n<p class=\"link-more\"><a href=\"http:\/\/www.fyysika.ee\/vorgustik\/?p=1688\" class=\"more-link\">Loe edasi<span class=\"screen-reader-text\"> &#8220;Toimus Fermi Energia konverents&#8221;<\/span><\/a><\/p>\n","protected":false},"author":1,"featured_media":0,"comment_status":"closed","ping_status":"closed","sticky":false,"template":"","format":"standard","meta":[],"categories":[7],"tags":[],"_links":{"self":[{"href":"http:\/\/www.fyysika.ee\/vorgustik\/index.php?rest_route=\/wp\/v2\/posts\/1688"}],"collection":[{"href":"http:\/\/www.fyysika.ee\/vorgustik\/index.php?rest_route=\/wp\/v2\/posts"}],"about":[{"href":"http:\/\/www.fyysika.ee\/vorgustik\/index.php?rest_route=\/wp\/v2\/types\/post"}],"author":[{"embeddable":true,"href":"http:\/\/www.fyysika.ee\/vorgustik\/index.php?rest_route=\/wp\/v2\/users\/1"}],"replies":[{"embeddable":true,"href":"http:\/\/www.fyysika.ee\/vorgustik\/index.php?rest_route=%2Fwp%2Fv2%2Fcomments&post=1688"}],"version-history":[{"count":7,"href":"http:\/\/www.fyysika.ee\/vorgustik\/index.php?rest_route=\/wp\/v2\/posts\/1688\/revisions"}],"predecessor-version":[{"id":1701,"href":"http:\/\/www.fyysika.ee\/vorgustik\/index.php?rest_route=\/wp\/v2\/posts\/1688\/revisions\/1701"}],"wp:attachment":[{"href":"http:\/\/www.fyysika.ee\/vorgustik\/index.php?rest_route=%2Fwp%2Fv2%2Fmedia&parent=1688"}],"wp:term":[{"taxonomy":"category","embeddable":true,"href":"http:\/\/www.fyysika.ee\/vorgustik\/index.php?rest_route=%2Fwp%2Fv2%2Fcategories&post=1688"},{"taxonomy":"post_tag","embeddable":true,"href":"http:\/\/www.fyysika.ee\/vorgustik\/index.php?rest_route=%2Fwp%2Fv2%2Ftags&post=1688"}],"curies":[{"name":"wp","href":"https:\/\/api.w.org\/{rel}","templated":true}]}}