{"id":1767,"date":"2020-04-18T13:49:22","date_gmt":"2020-04-18T10:49:22","guid":{"rendered":"http:\/\/www.fyysika.ee\/vorgustik\/?p=1767"},"modified":"2020-04-18T20:18:12","modified_gmt":"2020-04-18T17:18:12","slug":"tunnikontroll-saab-vastuse","status":"publish","type":"post","link":"http:\/\/www.fyysika.ee\/vorgustik\/?p=1767","title":{"rendered":"Tunnikontroll saab vastuse"},"content":{"rendered":"<p><a href=\"https:\/\/www.youtube.com\/watch?v=QWq5aOqxCE8\">Mis Mihkel wastas&#8230;<\/a><\/p>\n<p>See oli t\u00e4helepanu \u00fclesanne. Jutt l\u00f5peb kahe k\u00fcsimusega. \u00dcks on see, mis olid need t\u00e4hed tegelikult? Teine, mis Mihkel vastas? Kirjalikult k\u00fcsiti seda teist.<\/p>\n<p><a href=\"http:\/\/www.fyysika.ee\/vorgustik\/wp-content\/uploads\/2020\/04\/Mihkel.jpg\"><img loading=\"lazy\" class=\"alignnone size-large wp-image-1853\" src=\"http:\/\/www.fyysika.ee\/vorgustik\/wp-content\/uploads\/2020\/04\/Mihkel-1024x315.jpg\" alt=\"\" width=\"525\" height=\"161\" srcset=\"http:\/\/www.fyysika.ee\/vorgustik\/wp-content\/uploads\/2020\/04\/Mihkel-1024x315.jpg 1024w, http:\/\/www.fyysika.ee\/vorgustik\/wp-content\/uploads\/2020\/04\/Mihkel-300x92.jpg 300w, http:\/\/www.fyysika.ee\/vorgustik\/wp-content\/uploads\/2020\/04\/Mihkel-768x237.jpg 768w, http:\/\/www.fyysika.ee\/vorgustik\/wp-content\/uploads\/2020\/04\/Mihkel-1536x473.jpg 1536w, http:\/\/www.fyysika.ee\/vorgustik\/wp-content\/uploads\/2020\/04\/Mihkel-2048x631.jpg 2048w\" sizes=\"(max-width: 525px) 100vw, 525px\" \/><\/a><\/p>\n<p>&nbsp;<\/p>\n<p>T\u00e4name k\u00f5iki, kes 2020. aasta f\u00fc\u00fcsika\u00f5petajate p\u00e4eval osalesid ja loodame kohtuda suvekoolis. Kui ei m\u00e4ngi v\u00e4lja, k\u00fcll me midagi ikka teeme. Nagu alati, ilusat kevadvaheaega?<\/p>\n","protected":false},"excerpt":{"rendered":"<p>Mis Mihkel wastas&#8230; See oli t\u00e4helepanu \u00fclesanne. Jutt l\u00f5peb kahe k\u00fcsimusega. \u00dcks on see, mis olid need t\u00e4hed tegelikult? Teine, mis Mihkel vastas? Kirjalikult k\u00fcsiti seda teist. &nbsp; T\u00e4name k\u00f5iki, kes 2020. aasta f\u00fc\u00fcsika\u00f5petajate p\u00e4eval osalesid ja loodame kohtuda suvekoolis. Kui ei m\u00e4ngi v\u00e4lja, k\u00fcll me midagi ikka teeme. Nagu alati, ilusat kevadvaheaega?<\/p>\n","protected":false},"author":2,"featured_media":0,"comment_status":"closed","ping_status":"closed","sticky":false,"template":"","format":"standard","meta":[],"categories":[1],"tags":[],"_links":{"self":[{"href":"http:\/\/www.fyysika.ee\/vorgustik\/index.php?rest_route=\/wp\/v2\/posts\/1767"}],"collection":[{"href":"http:\/\/www.fyysika.ee\/vorgustik\/index.php?rest_route=\/wp\/v2\/posts"}],"about":[{"href":"http:\/\/www.fyysika.ee\/vorgustik\/index.php?rest_route=\/wp\/v2\/types\/post"}],"author":[{"embeddable":true,"href":"http:\/\/www.fyysika.ee\/vorgustik\/index.php?rest_route=\/wp\/v2\/users\/2"}],"replies":[{"embeddable":true,"href":"http:\/\/www.fyysika.ee\/vorgustik\/index.php?rest_route=%2Fwp%2Fv2%2Fcomments&post=1767"}],"version-history":[{"count":9,"href":"http:\/\/www.fyysika.ee\/vorgustik\/index.php?rest_route=\/wp\/v2\/posts\/1767\/revisions"}],"predecessor-version":[{"id":1858,"href":"http:\/\/www.fyysika.ee\/vorgustik\/index.php?rest_route=\/wp\/v2\/posts\/1767\/revisions\/1858"}],"wp:attachment":[{"href":"http:\/\/www.fyysika.ee\/vorgustik\/index.php?rest_route=%2Fwp%2Fv2%2Fmedia&parent=1767"}],"wp:term":[{"taxonomy":"category","embeddable":true,"href":"http:\/\/www.fyysika.ee\/vorgustik\/index.php?rest_route=%2Fwp%2Fv2%2Fcategories&post=1767"},{"taxonomy":"post_tag","embeddable":true,"href":"http:\/\/www.fyysika.ee\/vorgustik\/index.php?rest_route=%2Fwp%2Fv2%2Ftags&post=1767"}],"curies":[{"name":"wp","href":"https:\/\/api.w.org\/{rel}","templated":true}]}}