{"id":1771,"date":"2020-04-18T10:26:13","date_gmt":"2020-04-18T07:26:13","guid":{"rendered":"http:\/\/www.fyysika.ee\/vorgustik\/?p=1771"},"modified":"2020-04-18T10:29:30","modified_gmt":"2020-04-18T07:29:30","slug":"votke-kohvi-palun","status":"publish","type":"post","link":"http:\/\/www.fyysika.ee\/vorgustik\/?p=1771","title":{"rendered":"V\u00f5tke kohvi, palun!"},"content":{"rendered":"<p><a href=\"http:\/\/www.fyysika.ee\/vorgustik\/wp-content\/uploads\/2019\/09\/8133_tass_kohvi.jpg\"><img loading=\"lazy\" class=\"wp-image-1641 size-medium alignleft\" src=\"http:\/\/www.fyysika.ee\/vorgustik\/wp-content\/uploads\/2019\/09\/8133_tass_kohvi-200x300.jpg\" alt=\"\" width=\"200\" height=\"300\" srcset=\"http:\/\/www.fyysika.ee\/vorgustik\/wp-content\/uploads\/2019\/09\/8133_tass_kohvi-200x300.jpg 200w, http:\/\/www.fyysika.ee\/vorgustik\/wp-content\/uploads\/2019\/09\/8133_tass_kohvi.jpg 681w\" sizes=\"(max-width: 200px) 100vw, 200px\" \/><\/a><\/p>\n<p>Eesti keele seletav s\u00f5naraamat:<br \/>\n<strong><span id=\"s35299_1_m\" class=\"m leitud_id\">kohvi|paus<\/span><\/strong><br \/>\n<span id=\"s35299_2_d\" class=\"d\">l\u00fchike vaheaeg, mille v\u00e4ltel pakutakse jooke ja kergeid suupisteid.<br \/>\n<\/span><em><span id=\"s35299_3_n\" class=\"n\">Seminar j\u00e4tkub p\u00e4rast kohvipausi<\/span>.<\/em><\/p>\n<p>Arvatakse, et t\u00e4nap\u00e4evases t\u00e4henduses kohvipausi pidamine on <a href=\"https:\/\/upload.wikimedia.org\/wikipedia\/commons\/1\/19\/Anders_Truedsson_Selander_%281841%29_%26_family_c_1916.jpg\">saja aastaga \u00fcle maailma levinud Rootsist.<\/a> Kohapeal on sellest saanud<a href=\"http:\/\/www.swedishfood.com\/fika\"> elu- ja t\u00f6\u00f6stiili lahutamatu osa<\/a> \u2013 <em>fika.<\/em> Kohvipaus, mis peetakse enne t\u00f6\u00f6p\u00e4eva algust, eriti kui on kaugemalt tulijaid, on p\u00e4ris uus asi. Tavaliseks on see saanud sel sajandil. Uus s\u00f5na \u2013 tervituskohv, on eesti keeles juba juurdunud, aga \u00d5S-i veel j\u00f5udnud ei ole.<\/p>\n<p>Kohvitassi pilt on tehtud \u00fchel v\u00e4ga ammusel Voore seminaril ja on v\u00f5rgustikus r\u00e4nnanud \u00fchest s\u00fcndmusest teise. Maailm v\u00f5tab kohvi \u00fches meiega ja meie omad v\u00f5tavad kohvi selles virtuaalses kohvinurgas:<\/p>\n<p><a href=\"https:\/\/zoom.us\/j\/93231907985?pwd=R2o3aDNsSTBVM2NvTmxUUGxoRUdhdz09\">https:\/\/zoom.us\/j\/93231907985?pwd=R2o3aDNsSTBVM2NvTmxUUGxoRUdhdz09<\/a><\/p>\n<p><a href=\"http:\/\/www.fyysika.ee\/vorgustik\/wp-content\/uploads\/2020\/04\/kohvid.jpg\"><img loading=\"lazy\" class=\"size-large wp-image-1770 aligncenter\" src=\"http:\/\/www.fyysika.ee\/vorgustik\/wp-content\/uploads\/2020\/04\/kohvid-1024x599.jpg\" alt=\"\" width=\"525\" height=\"307\" srcset=\"http:\/\/www.fyysika.ee\/vorgustik\/wp-content\/uploads\/2020\/04\/kohvid-1024x599.jpg 1024w, http:\/\/www.fyysika.ee\/vorgustik\/wp-content\/uploads\/2020\/04\/kohvid-300x175.jpg 300w, http:\/\/www.fyysika.ee\/vorgustik\/wp-content\/uploads\/2020\/04\/kohvid-768x449.jpg 768w, http:\/\/www.fyysika.ee\/vorgustik\/wp-content\/uploads\/2020\/04\/kohvid.jpg 1442w\" sizes=\"(max-width: 525px) 100vw, 525px\" \/><\/a><\/p>\n","protected":false},"excerpt":{"rendered":"<p>Eesti keele seletav s\u00f5naraamat: kohvi|paus l\u00fchike vaheaeg, mille v\u00e4ltel pakutakse jooke ja kergeid suupisteid. Seminar j\u00e4tkub p\u00e4rast kohvipausi. Arvatakse, et t\u00e4nap\u00e4evases t\u00e4henduses kohvipausi pidamine on saja aastaga \u00fcle maailma levinud Rootsist. Kohapeal on sellest saanud elu- ja t\u00f6\u00f6stiili lahutamatu osa \u2013 fika. Kohvipaus, mis peetakse enne t\u00f6\u00f6p\u00e4eva algust, eriti kui on kaugemalt tulijaid, on p\u00e4ris &hellip; <\/p>\n<p class=\"link-more\"><a href=\"http:\/\/www.fyysika.ee\/vorgustik\/?p=1771\" class=\"more-link\">Loe edasi<span class=\"screen-reader-text\"> &#8220;V\u00f5tke kohvi, palun!&#8221;<\/span><\/a><\/p>\n","protected":false},"author":2,"featured_media":0,"comment_status":"closed","ping_status":"closed","sticky":false,"template":"","format":"standard","meta":[],"categories":[1],"tags":[],"_links":{"self":[{"href":"http:\/\/www.fyysika.ee\/vorgustik\/index.php?rest_route=\/wp\/v2\/posts\/1771"}],"collection":[{"href":"http:\/\/www.fyysika.ee\/vorgustik\/index.php?rest_route=\/wp\/v2\/posts"}],"about":[{"href":"http:\/\/www.fyysika.ee\/vorgustik\/index.php?rest_route=\/wp\/v2\/types\/post"}],"author":[{"embeddable":true,"href":"http:\/\/www.fyysika.ee\/vorgustik\/index.php?rest_route=\/wp\/v2\/users\/2"}],"replies":[{"embeddable":true,"href":"http:\/\/www.fyysika.ee\/vorgustik\/index.php?rest_route=%2Fwp%2Fv2%2Fcomments&post=1771"}],"version-history":[{"count":6,"href":"http:\/\/www.fyysika.ee\/vorgustik\/index.php?rest_route=\/wp\/v2\/posts\/1771\/revisions"}],"predecessor-version":[{"id":1840,"href":"http:\/\/www.fyysika.ee\/vorgustik\/index.php?rest_route=\/wp\/v2\/posts\/1771\/revisions\/1840"}],"wp:attachment":[{"href":"http:\/\/www.fyysika.ee\/vorgustik\/index.php?rest_route=%2Fwp%2Fv2%2Fmedia&parent=1771"}],"wp:term":[{"taxonomy":"category","embeddable":true,"href":"http:\/\/www.fyysika.ee\/vorgustik\/index.php?rest_route=%2Fwp%2Fv2%2Fcategories&post=1771"},{"taxonomy":"post_tag","embeddable":true,"href":"http:\/\/www.fyysika.ee\/vorgustik\/index.php?rest_route=%2Fwp%2Fv2%2Ftags&post=1771"}],"curies":[{"name":"wp","href":"https:\/\/api.w.org\/{rel}","templated":true}]}}