{"id":2007,"date":"2020-12-14T10:35:45","date_gmt":"2020-12-14T08:35:45","guid":{"rendered":"http:\/\/www.fyysika.ee\/vorgustik\/?p=2007"},"modified":"2020-12-18T17:09:22","modified_gmt":"2020-12-18T15:09:22","slug":"lopeb-2020","status":"publish","type":"post","link":"http:\/\/www.fyysika.ee\/vorgustik\/?p=2007","title":{"rendered":"L\u00f5peb 2020"},"content":{"rendered":"<p>Sel teistsugusel 2020. aastal oleme m\u00e4rkimisv\u00e4\u00e4rselt v\u00e4he teiste inimestega kohtunud, aga seev\u00f5rd rohkem oma info- ja sidevahenditele t\u00f6\u00f6d andnud. Aasta v\u00e4\u00e4rikaks l\u00f5petamiseks teeme koolivaheaja alguse puhul veel \u00fche kohtumise. Kokku s\u00f5itma muidugi ei hakka, kl\u00f5psime klahve ja piilume ekraaniaugust teiste kodudesse v\u00f5i kontoritesse. See juhtub <strong>19. detsembril kell 10.30<\/strong>\u00a0 ja arvatavasti ei kesta kauem kui paar tundi. Kohtumispaik:<br \/>\n<a href=\"https:\/\/meet.google.com\/oef-mavu-ijg\">https:\/\/meet.google.com\/oef-mavu-ijg<\/a><\/p>\n<p><strong>P\u00e4evakord:<\/strong><\/p>\n<ul>\n<li><strong>Veelkord kodustest praktikumidest, seda v\u00f5ib uuel aastal j\u00e4lle vaja minna.<\/strong><br \/>\n<em><em>Kogemuste ja v\u00f5imalustega alustavad Kaido Reivelt ja Kristel Uiboupin. Tartu \u00dclikoolis on e-\u00f5pet arendatud aastaid. <a href=\"https:\/\/etu.ut.ee\/kevad-2016\/e-ope-fuusika-instituudis\/\">2016 kevadest p\u00e4rineb vahekokkuv\u00f5te,<\/a> kus tuntud f\u00fc\u00fcsika \u00f5ppej\u00f5ud seletavad miks ja kuidas. Kalev Tarkpea v\u00f5tab teema kokku: \u201eOn vaja k\u00f5igepealt vaeva n\u00e4ha, e-\u00f5pe tuleb \u00fcles ehitada ja siis hakkab ta kasu tooma. Selles m\u00f5ttes, et on v\u00f5imalik suunata kasutama e-\u00f5ppe materjale selle asemel, et seda veelkord r\u00e4\u00e4kima peaks. Kaob \u00e4ra rikkis grammofoni efekt.\u201c Kes oleks neli aastat tagasi osanud arvata, et e-\u00f5pet l\u00e4heb vaja nii nagu see n\u00fc\u00fcd v\u00e4lja kukkus?<\/em><\/em><\/li>\n<li><strong>F\u00fc\u00fcsika \u00fclesanded. V\u00f5iksime juba teha v\u00e4ikese vahekokkuv\u00f5tte sellest, kuidas \u00fclesandeid lahendada ja kontrollida, kui \u00f5pilased on segil\u00e4bi kodu-, kaug-, distants-, h\u00fcbriid-, paind- ja misiganes sega\u00f5ppel.<\/strong><br \/>\n<em>L\u00f5ppeva aasta <a href=\"https:\/\/www.fyysika.ee\/vorgustik\/?p=1942\">suvekoolis oli paar teemat e-testidest ja e-katsetest.<\/a> Suvel olime uue kooliaasta osas <em>kaunis <\/em>optimistlikud. N\u00fc\u00fcd, kui see uus aasta on juba poole peale j\u00f5udmas \u2013 kuidas meil l\u00e4heb? Jaan Paaver ja Kaido Reivelt.<\/em><br \/>\n<em><em><a href=\"https:\/\/forms.gle\/xKFXMd41iDGCQLdL7\">Siin meile k\u00f5igile \u00fcks e-\u00fclesande n\u00e4ide,<\/a> mille anal\u00fc\u00fcsi ja kriitikaga v\u00f5ibki alustada. Palume lahkelt lahendada ja viimase punktina kritiseerida.<\/em><\/em><\/li>\n<li><strong>\u00d5petajate \u00fchendused ja v\u00f5rgustikud.<\/strong><br \/>\n<em><em>Milleks meile vaja seda EFS f\u00fc\u00fcsika\u00f5petajate osakonda? Mis on meie \u00fclesanded ja plaanid? Kas ja mis on meie arengukava? Kristel Uiboupin, Eveli Raudla, Erkki Tempel.<\/em><\/em><\/li>\n<li><strong>Kokkuv\u00f5te ja plaanid. Plaanid \u2013 k\u00f5lab k\u00fcll kummastavalt, aga tegelikult peaks just n\u00fc\u00fcd olema mitu plaani.<\/strong><br \/>\n<em>L\u00f5petuseks m\u00f5ned laused poliitikast ja riiklikult t\u00e4htsatest\u00a0 teemadest. Jaan Paaver<br \/>\n<\/em><\/li>\n<\/ul>\n<p>Koosolek l\u00f5peb, siis peame \u00fche laheda kodukeskse koolivaheaja ja vaatame, mis toob jaanuari teine n\u00e4dal v\u00f5i esimene kevadkuu.<\/p>\n","protected":false},"excerpt":{"rendered":"<p>Sel teistsugusel 2020. aastal oleme m\u00e4rkimisv\u00e4\u00e4rselt v\u00e4he teiste inimestega kohtunud, aga seev\u00f5rd rohkem oma info- ja sidevahenditele t\u00f6\u00f6d andnud. Aasta v\u00e4\u00e4rikaks l\u00f5petamiseks teeme koolivaheaja alguse puhul veel \u00fche kohtumise. Kokku s\u00f5itma muidugi ei hakka, kl\u00f5psime klahve ja piilume ekraaniaugust teiste kodudesse v\u00f5i kontoritesse. See juhtub 19. detsembril kell 10.30\u00a0 ja arvatavasti ei kesta kauem kui &hellip; <\/p>\n<p class=\"link-more\"><a href=\"http:\/\/www.fyysika.ee\/vorgustik\/?p=2007\" class=\"more-link\">Loe edasi<span class=\"screen-reader-text\"> &#8220;L\u00f5peb 2020&#8221;<\/span><\/a><\/p>\n","protected":false},"author":2,"featured_media":0,"comment_status":"closed","ping_status":"closed","sticky":false,"template":"","format":"standard","meta":[],"categories":[6],"tags":[],"_links":{"self":[{"href":"http:\/\/www.fyysika.ee\/vorgustik\/index.php?rest_route=\/wp\/v2\/posts\/2007"}],"collection":[{"href":"http:\/\/www.fyysika.ee\/vorgustik\/index.php?rest_route=\/wp\/v2\/posts"}],"about":[{"href":"http:\/\/www.fyysika.ee\/vorgustik\/index.php?rest_route=\/wp\/v2\/types\/post"}],"author":[{"embeddable":true,"href":"http:\/\/www.fyysika.ee\/vorgustik\/index.php?rest_route=\/wp\/v2\/users\/2"}],"replies":[{"embeddable":true,"href":"http:\/\/www.fyysika.ee\/vorgustik\/index.php?rest_route=%2Fwp%2Fv2%2Fcomments&post=2007"}],"version-history":[{"count":13,"href":"http:\/\/www.fyysika.ee\/vorgustik\/index.php?rest_route=\/wp\/v2\/posts\/2007\/revisions"}],"predecessor-version":[{"id":2020,"href":"http:\/\/www.fyysika.ee\/vorgustik\/index.php?rest_route=\/wp\/v2\/posts\/2007\/revisions\/2020"}],"wp:attachment":[{"href":"http:\/\/www.fyysika.ee\/vorgustik\/index.php?rest_route=%2Fwp%2Fv2%2Fmedia&parent=2007"}],"wp:term":[{"taxonomy":"category","embeddable":true,"href":"http:\/\/www.fyysika.ee\/vorgustik\/index.php?rest_route=%2Fwp%2Fv2%2Fcategories&post=2007"},{"taxonomy":"post_tag","embeddable":true,"href":"http:\/\/www.fyysika.ee\/vorgustik\/index.php?rest_route=%2Fwp%2Fv2%2Ftags&post=2007"}],"curies":[{"name":"wp","href":"https:\/\/api.w.org\/{rel}","templated":true}]}}