{"id":2128,"date":"2021-09-03T09:02:11","date_gmt":"2021-09-03T06:02:11","guid":{"rendered":"http:\/\/www.fyysika.ee\/vorgustik\/?p=2128"},"modified":"2021-09-03T09:02:11","modified_gmt":"2021-09-03T06:02:11","slug":"reaali-konverents-10-11-september-2021","status":"publish","type":"post","link":"http:\/\/www.fyysika.ee\/vorgustik\/?p=2128","title":{"rendered":"Reaali konverents \u2013 10.-11. september 2021"},"content":{"rendered":"<p><strong>Tallinna Reaalkool ja Eesti Teadusagentuur<\/strong> kutsuvad osalema neljandal rahvusvahelisel reaal- ja loodusteadusliku hariduse konverentsil. Konverents toimub <strong>10.-11. septembril Tallinna Reaalkoolis.\u00a0<\/strong><\/p>\n<p><strong>Esimesel p\u00e4eval<\/strong> k\u00f5neldakse\u00a0<span style=\"font-size: 1rem;\">Eesti kooli ja \u00f5petajaskonna jaoks v\u00e4ga olulistel teemadel:<\/span><span style=\"font-size: 1rem;\"> haridust puudutavad arengukavad, \u00f5petajate j\u00e4relkasv, distants\u00f5ppe kogemus, e-\u00f5ppe tulevik, autonoomne \u00f5ppija, andekate toetamine, \u00f5ppekava arendus. Eriline t\u00e4helepanu reaal- ja loodusteaduslikul haridusel.<\/span><\/p>\n<p><strong>Teine p\u00e4ev<\/strong> pakub ettekandeid Tallinna Reaalkooli aulas (esinevad Madis Vasser, Alvar Soesoo, Tuul Sepp, Krista Fischer, Tarmo Soomere) ning v\u00f5imaluse kuulata loenguid ja osaleda t\u00f6\u00f6tubades (valida on enam kui 50 loengu ja t\u00f6\u00f6toa vahel). Toetust pakutakse just f\u00fc\u00fcsika, keemia, bioloogia, geograafia, matemaatika, loodus\u00f5petuse \u00f5petamisele ning klassijuhataja t\u00f6\u00f6le.<\/p>\n<p><a href=\"https:\/\/www.etag.ee\/tegevused\/teaduskommunikatsioon\/teamepluss\/teadushuviharidus\/teadushariduse-konverentsid\/\">\u00dcldine info ja registreerumine.<\/a><\/p>\n<p><a href=\"https:\/\/www.etag.ee\/tegevused\/teaduskommunikatsioon\/teamepluss\/teadushuviharidus\/teadushariduse-konverentsid\/iv-rahvusvaheline-reaal-ja-loodusteadusliku-hariduse-konverentsi-programm\/\">T\u00e4psemad p\u00e4evakavad, sh paralleelsessioonide nimekiri.<\/a><\/p>\n","protected":false},"excerpt":{"rendered":"<p>Tallinna Reaalkool ja Eesti Teadusagentuur kutsuvad osalema neljandal rahvusvahelisel reaal- ja loodusteadusliku hariduse konverentsil. Konverents toimub 10.-11. septembril Tallinna Reaalkoolis.\u00a0 Esimesel p\u00e4eval k\u00f5neldakse\u00a0Eesti kooli ja \u00f5petajaskonna jaoks v\u00e4ga olulistel teemadel: haridust puudutavad arengukavad, \u00f5petajate j\u00e4relkasv, distants\u00f5ppe kogemus, e-\u00f5ppe tulevik, autonoomne \u00f5ppija, andekate toetamine, \u00f5ppekava arendus. Eriline t\u00e4helepanu reaal- ja loodusteaduslikul haridusel. Teine p\u00e4ev pakub ettekandeid &hellip; <\/p>\n<p class=\"link-more\"><a href=\"http:\/\/www.fyysika.ee\/vorgustik\/?p=2128\" class=\"more-link\">Loe edasi<span class=\"screen-reader-text\"> &#8220;Reaali konverents \u2013 10.-11. september 2021&#8221;<\/span><\/a><\/p>\n","protected":false},"author":2,"featured_media":0,"comment_status":"closed","ping_status":"closed","sticky":false,"template":"","format":"standard","meta":[],"categories":[6],"tags":[],"_links":{"self":[{"href":"http:\/\/www.fyysika.ee\/vorgustik\/index.php?rest_route=\/wp\/v2\/posts\/2128"}],"collection":[{"href":"http:\/\/www.fyysika.ee\/vorgustik\/index.php?rest_route=\/wp\/v2\/posts"}],"about":[{"href":"http:\/\/www.fyysika.ee\/vorgustik\/index.php?rest_route=\/wp\/v2\/types\/post"}],"author":[{"embeddable":true,"href":"http:\/\/www.fyysika.ee\/vorgustik\/index.php?rest_route=\/wp\/v2\/users\/2"}],"replies":[{"embeddable":true,"href":"http:\/\/www.fyysika.ee\/vorgustik\/index.php?rest_route=%2Fwp%2Fv2%2Fcomments&post=2128"}],"version-history":[{"count":1,"href":"http:\/\/www.fyysika.ee\/vorgustik\/index.php?rest_route=\/wp\/v2\/posts\/2128\/revisions"}],"predecessor-version":[{"id":2129,"href":"http:\/\/www.fyysika.ee\/vorgustik\/index.php?rest_route=\/wp\/v2\/posts\/2128\/revisions\/2129"}],"wp:attachment":[{"href":"http:\/\/www.fyysika.ee\/vorgustik\/index.php?rest_route=%2Fwp%2Fv2%2Fmedia&parent=2128"}],"wp:term":[{"taxonomy":"category","embeddable":true,"href":"http:\/\/www.fyysika.ee\/vorgustik\/index.php?rest_route=%2Fwp%2Fv2%2Fcategories&post=2128"},{"taxonomy":"post_tag","embeddable":true,"href":"http:\/\/www.fyysika.ee\/vorgustik\/index.php?rest_route=%2Fwp%2Fv2%2Ftags&post=2128"}],"curies":[{"name":"wp","href":"https:\/\/api.w.org\/{rel}","templated":true}]}}