{"id":91,"date":"2011-01-14T15:26:05","date_gmt":"2011-01-14T15:26:05","guid":{"rendered":"http:\/\/www.fyysika.ee\/vorgustik\/?p=91"},"modified":"2011-03-22T17:30:51","modified_gmt":"2011-03-22T17:30:51","slug":"uue-oppekava-rakendumine","status":"publish","type":"post","link":"http:\/\/www.fyysika.ee\/vorgustik\/?p=91","title":{"rendered":"Uue ainekava rakendumine"},"content":{"rendered":"<p>1. septembrist 2010 kehtivad uued\u00a0 ainekavad, aga nad ei ole veel rakendunud. Kehtimise ja rakendamise erinevus (ja osaline kattumine) ajab t\u00f6\u00f6 planeerimise keeruliseks. Millal siis ikkagi alustada \u00f5petamist uute kavade alusel?<\/p>\n<p>23. detsembril 2010 kinnitas valitsus \u00f5ppekavad uuesti. Ametlikus k\u00f5nepruugis, kinnitas uued redaktsioonid. K\u00f5ige v\u00e4rskemad kavad Riigi Teatajas: <a title=\"P\u00f5hikooli kava\" href=\"https:\/\/www.riigiteataja.ee\/akt\/128122010017\">P\u00f5hikoolile.<\/a> <a title=\"G\u00fcmnaasiumi kava\" href=\"https:\/\/www.riigiteataja.ee\/akt\/128122010018\">G\u00fcmnaasiumile. <\/a>Seal hulgas: <a title=\"Loodusained\" href=\"https:\/\/www.riigiteataja.ee\/aktilisa\/1281\/2201\/0017\/13275427.pdf\">loodusained p\u00f5hikoolis (.pdf)<\/a> ja <a title=\"Loodusvaldkond\" href=\"https:\/\/www.riigiteataja.ee\/aktilisa\/1281\/2201\/0018\/13275402.pdf\">g\u00fcmnaasiumi loodusainete valdkond (.pdf)<\/a>.<\/p>\n<p>Muutused v\u00f5rreldes 28. jaanuari 2010 kavadega on v\u00e4ikesed ja rakendumise osas ei ole \u00fcldse midagi muudetud. <a href=\"http:\/\/www.fyysika.ee\/vorgustik\/wp-content\/uploads\/2011\/01\/Kiri-koolirahvale.doc\">Kirjas koolirahvale<\/a> seletab\u00a0Haridus- ja Teadusministeeriumi \u00f5ppekava talituse juhataja Ain T\u00f5nisson rakendumist j\u00e4rmiselt:<\/p>\n<p>\u201eSee t\u00f5siasi, et valitsus kinnitab uuesti riiklikud \u00f5ppekavad, ei too muutusi nende rakendamist\u00e4htaegadega seotud s\u00e4tetesse. Uued R\u00d5Kid kehtivad k\u00fcll alates 2010. aasta 1. septembrist, kuid <strong>p\u00f5hikooli osas<\/strong> toimub \u00f5ppe- ja kasvatustegevuse ning kooli \u00f5ppekava viimine koosk\u00f5lla uue R\u00d5Kiga allj\u00e4rgnevalt:<\/p>\n<ul>\n<li>1., 4. ja 7. klassi puhul      hiljemalt 1. septembriks 2011. a;<\/li>\n<li>2., 5. ja 8. klassi puhul      hiljemalt 1. septembriks 2012. a;<\/li>\n<li>3., 6. ja 9. klassi puhul      hiljemalt 1. septembriks 2013. a<\/li>\n<\/ul>\n<p><strong>G\u00fcmnaasiumis<\/strong> aga tuleb kooli \u00f5ppe- ja kasvatustegevus ning kooli \u00f5ppekava viia riikliku \u00f5ppekavaga koosk\u00f5lla hiljemalt 1. septembriks 2013.a. Sellele lisanduvad s\u00e4tted, et uued n\u00f5uded l\u00f5petamisele kehtivad samuti alates 2013. a 1. septembrist. Seega ei ole enne nimetatud t\u00e4htaega g\u00fcmnaasiumil kohustust (k\u00fcll aga on \u00f5igus) pakkuda \u00f5pet R\u00d5Kiga etten\u00e4htud kolmel \u00f5ppesuunal. \u00d5petus peaks siiski arvestama uutest l\u00f5petamise tingimustest tulenevaid vajadusi. 2014. aasta kevadel toimub l\u00f5petamine k\u00f5igile \u00f5pilastele (s\u00f5ltumata ajast, millal nad alustasid \u00f5pet uuendatud \u00f5ppekava j\u00e4rgi) uute tingimuste alusel.\u201d<\/p>\n<p>L\u00fchidalt! Kuna \u00f5ppekavad kehtivad, siis v\u00f5ib nende j\u00e4rgi \u00f5petada, aga kuna nad pole veel rakendunud, siis ei pea. 2014. aasta kevadel peab siiski l\u00f5petama nii, nagu oleks \u00f5petatud uute kavade j\u00e4rgi. Arvatavasti ei ole praegu veel kellelgi p\u00e4ris selget pilti, mismoodi t\u00e4pselt l\u00f5petatakse kooli 2014. aasta kevadel. Nii see on.<\/p>\n<p style=\"text-align: right;\">\u00d5ppekava ei \u00f5peta kedagi, \u00f5petaja \u00f5petab.<br \/>\n(rahvatarkus)<\/p>\n<p style=\"text-align: right;\">\n","protected":false},"excerpt":{"rendered":"<p>1. septembrist 2010 kehtivad uued\u00a0 ainekavad, aga nad ei ole veel rakendunud. Kehtimise ja rakendamise erinevus (ja osaline kattumine) ajab t\u00f6\u00f6 planeerimise keeruliseks. Millal siis ikkagi alustada \u00f5petamist uute kavade alusel? 23. detsembril 2010 kinnitas valitsus \u00f5ppekavad uuesti. Ametlikus k\u00f5nepruugis, kinnitas uued redaktsioonid. K\u00f5ige v\u00e4rskemad kavad Riigi Teatajas: P\u00f5hikoolile. G\u00fcmnaasiumile. Seal hulgas: loodusained p\u00f5hikoolis (.pdf) &hellip; <\/p>\n<p class=\"link-more\"><a href=\"http:\/\/www.fyysika.ee\/vorgustik\/?p=91\" class=\"more-link\">Loe edasi<span class=\"screen-reader-text\"> &#8220;Uue ainekava rakendumine&#8221;<\/span><\/a><\/p>\n","protected":false},"author":2,"featured_media":0,"comment_status":"open","ping_status":"open","sticky":false,"template":"","format":"standard","meta":[],"categories":[8],"tags":[],"_links":{"self":[{"href":"http:\/\/www.fyysika.ee\/vorgustik\/index.php?rest_route=\/wp\/v2\/posts\/91"}],"collection":[{"href":"http:\/\/www.fyysika.ee\/vorgustik\/index.php?rest_route=\/wp\/v2\/posts"}],"about":[{"href":"http:\/\/www.fyysika.ee\/vorgustik\/index.php?rest_route=\/wp\/v2\/types\/post"}],"author":[{"embeddable":true,"href":"http:\/\/www.fyysika.ee\/vorgustik\/index.php?rest_route=\/wp\/v2\/users\/2"}],"replies":[{"embeddable":true,"href":"http:\/\/www.fyysika.ee\/vorgustik\/index.php?rest_route=%2Fwp%2Fv2%2Fcomments&post=91"}],"version-history":[{"count":11,"href":"http:\/\/www.fyysika.ee\/vorgustik\/index.php?rest_route=\/wp\/v2\/posts\/91\/revisions"}],"predecessor-version":[{"id":372,"href":"http:\/\/www.fyysika.ee\/vorgustik\/index.php?rest_route=\/wp\/v2\/posts\/91\/revisions\/372"}],"wp:attachment":[{"href":"http:\/\/www.fyysika.ee\/vorgustik\/index.php?rest_route=%2Fwp%2Fv2%2Fmedia&parent=91"}],"wp:term":[{"taxonomy":"category","embeddable":true,"href":"http:\/\/www.fyysika.ee\/vorgustik\/index.php?rest_route=%2Fwp%2Fv2%2Fcategories&post=91"},{"taxonomy":"post_tag","embeddable":true,"href":"http:\/\/www.fyysika.ee\/vorgustik\/index.php?rest_route=%2Fwp%2Fv2%2Ftags&post=91"}],"curies":[{"name":"wp","href":"https:\/\/api.w.org\/{rel}","templated":true}]}}