{"id":18216,"date":"2011-07-02T00:00:40","date_gmt":"2011-07-01T21:00:40","guid":{"rendered":"http:\/\/www.fyysika.ee\/uudised\/?p=18216"},"modified":"2011-07-02T00:06:01","modified_gmt":"2011-07-01T21:06:01","slug":"efs-tappisteaduste-suvekool","status":"publish","type":"post","link":"https:\/\/www.fyysika.ee\/?p=18216","title":{"rendered":"EFS T\u00e4ppisteaduste Suvekool"},"content":{"rendered":"<p>T\u00e4navune EFS T\u00e4ppisteaduste Suvekool leidis aset 27.-29. juunil Nelij\u00e4rve puhkekeskuses. \u00dcritus erines aga tavap\u00e4rasest seepoolest, et koos toimus tegelikult 4 \u00fcritust: EFS Suvekool, Energiaakadeemia, GLOBE Kaugseire Suvekool ja muidugi ka ESTCUBE&#8217;i meeskonna kokkusaamine. Rahvast oli seega rohkelt ning kel oli huvi, v\u00f5is k\u00fclastada ka teiste \u00fcrituste loenguid.<\/p>\n<div id=\"attachment_18219\" style=\"width: 597px\" class=\"wp-caption aligncenter\"><a href=\"http:\/\/www.fyysika.ee\/uudised\/wp-content\/uploads\/2011\/07\/IMGP0867.jpg\"><img loading=\"lazy\" decoding=\"async\" aria-describedby=\"caption-attachment-18219\" class=\"size-full wp-image-18219  \" title=\"IMGP0867\" src=\"http:\/\/www.fyysika.ee\/uudised\/wp-content\/uploads\/2011\/07\/IMGP0867.jpg\" alt=\"\" width=\"587\" height=\"225\" srcset=\"https:\/\/www.fyysika.ee\/wp-content\/uploads\/2011\/07\/IMGP0867.jpg 917w, https:\/\/www.fyysika.ee\/wp-content\/uploads\/2011\/07\/IMGP0867-300x114.jpg 300w, https:\/\/www.fyysika.ee\/wp-content\/uploads\/2011\/07\/IMGP0867-250x95.jpg 250w\" sizes=\"auto, (max-width: 587px) 100vw, 587px\" \/><\/a><p id=\"caption-attachment-18219\" class=\"wp-caption-text\">Pilt: Ketlin Piir<\/p><\/div>\n<p>EFS Suvekooli programmis esinesid Tartu \u00dclikooli Tehnoloogiainstituudi direktor Erik Puura, Karl Kruusam\u00e4e(T\u00dc TI), Martin J\u00e4rvek\u00fclg(T\u00dc FI), Jaan Praks, Raivo Hein, Leo V\u00f5handu(TT\u00dc emeriitprofessor), Erkki Truve(TT\u00dc), Roland Pihlakas, Tanel Anila ja tuntud televisioonitegelane M\u00e4rt Treier.<\/p>\n<p>Ettekannete teemad ulatusid tumeainest ja kiirenditest kuni ajaloo ja geneetikani.<\/p>\n<p>EFS \u00fcritustele kohaselt toimus \u00f5htuti muidugi filmi vaatamine ja saun.<\/p>\n<p>T\u00e4nud Aigar Vaigule ja Kaido Reiveltile toreda \u00fcrituse korraldamise eest.<\/p>\n","protected":false},"excerpt":{"rendered":"<p>T\u00e4navune EFS T\u00e4ppisteaduste Suvekool leidis aset 27.-29. juunil Nelij\u00e4rve puhkekeskuses. \u00dcritus erines aga tavap\u00e4rasest seepoolest, et koos toimus tegelikult 4 \u00fcritust: EFS Suvekool, Energiaakadeemia, GLOBE Kaugseire Suvekool ja muidugi ka ESTCUBE&#8217;i meeskonna kokkusaamine. Rahvast oli seega rohkelt ning kel oli huvi, v\u00f5is k\u00fclastada ka teiste \u00fcrituste loenguid. EFS Suvekooli programmis esinesid Tartu \u00dclikooli Tehnoloogiainstituudi direktor [&hellip;]<\/p>\n","protected":false},"author":32,"featured_media":18219,"comment_status":"open","ping_status":"closed","sticky":false,"template":"","format":"standard","meta":{"_genesis_hide_title":false,"_genesis_hide_breadcrumbs":false,"_genesis_hide_singular_image":false,"_genesis_hide_footer_widgets":false,"_genesis_custom_body_class":"","_genesis_custom_post_class":"","_genesis_layout":"","footnotes":""},"categories":[37],"tags":[],"class_list":{"0":"post-18216","1":"post","2":"type-post","3":"status-publish","4":"format-standard","5":"has-post-thumbnail","7":"category-eestist-endast","8":"entry"},"_links":{"self":[{"href":"https:\/\/www.fyysika.ee\/index.php?rest_route=\/wp\/v2\/posts\/18216","targetHints":{"allow":["GET"]}}],"collection":[{"href":"https:\/\/www.fyysika.ee\/index.php?rest_route=\/wp\/v2\/posts"}],"about":[{"href":"https:\/\/www.fyysika.ee\/index.php?rest_route=\/wp\/v2\/types\/post"}],"author":[{"embeddable":true,"href":"https:\/\/www.fyysika.ee\/index.php?rest_route=\/wp\/v2\/users\/32"}],"replies":[{"embeddable":true,"href":"https:\/\/www.fyysika.ee\/index.php?rest_route=%2Fwp%2Fv2%2Fcomments&post=18216"}],"version-history":[{"count":0,"href":"https:\/\/www.fyysika.ee\/index.php?rest_route=\/wp\/v2\/posts\/18216\/revisions"}],"wp:featuredmedia":[{"embeddable":true,"href":"https:\/\/www.fyysika.ee\/index.php?rest_route=\/wp\/v2\/media\/18219"}],"wp:attachment":[{"href":"https:\/\/www.fyysika.ee\/index.php?rest_route=%2Fwp%2Fv2%2Fmedia&parent=18216"}],"wp:term":[{"taxonomy":"category","embeddable":true,"href":"https:\/\/www.fyysika.ee\/index.php?rest_route=%2Fwp%2Fv2%2Fcategories&post=18216"},{"taxonomy":"post_tag","embeddable":true,"href":"https:\/\/www.fyysika.ee\/index.php?rest_route=%2Fwp%2Fv2%2Ftags&post=18216"}],"curies":[{"name":"wp","href":"https:\/\/api.w.org\/{rel}","templated":true}]}}