{"id":1890,"date":"2010-03-24T13:12:57","date_gmt":"2010-03-24T10:12:57","guid":{"rendered":"http:\/\/www.fyysika.ee\/wordpress\/?p=1890"},"modified":"2010-06-28T13:30:22","modified_gmt":"2010-06-28T10:30:22","slug":"eesti-fuusika-annab-aru-anu-reinart","status":"publish","type":"post","link":"https:\/\/www.fyysika.ee\/?p=1890","title":{"rendered":"Eesti f\u00fc\u00fcsika annab aru: Anu Reinart"},"content":{"rendered":"<p style=\"margin-bottom: 0cm; font-style: normal;\"><strong>Tartu observatoorium<\/strong><\/p>\n<p style=\"margin-bottom: 0cm; font-style: normal;\">Ma usun, et Tartu observatoorium p\u00e4lvib l\u00e4hiajal rohkesti t\u00e4helepanu. Suuresti t\u00e4nu sellele, et Eesti riik on astunud suuri samme Euroopa Kosmoseagentuuriga liitumiseks. Eelmise aasta novembris kirjutati alla leping, mille tagaj\u00e4rjel arvati meid ESA-ga koost\u00f6\u00f6d tegevate riikide hulka.<\/p>\n<p style=\"margin-bottom: 0cm; font-style: normal;\"><img loading=\"lazy\" decoding=\"async\" class=\"alignleft size-full wp-image-2239\" title=\"anu\" src=\"http:\/\/www.fyysika.ee\/wordpress\/wp-content\/uploads\/2010\/03\/anu.jpg\" alt=\"anu\" width=\"200\" height=\"299\" \/>Teisest k\u00fcljest on Tartu observatooriumil ette n\u00e4idata pikk ajalugu astronoomia ja kaugseire vallas ning kindlasti plaanime ka selles suunas aktiivselt edasi tegutseda. Osaleme praegu k\u00f5ikv\u00f5imalikes Eesti teaduses k\u00e4ttesaadavates uurtes projektides, kaasa arvatud tippkeskused ja tehnoloogiaarenduskeskused. Kahjuks platseerusime taotluste pingereas auv\u00e4\u00e4rsel keskmisel kohal.<\/p>\n<p style=\"margin-bottom: 0cm; font-style: normal;\">Sellest tulenevalt on meie tegevuse m\u00e4rks\u00f5nadeks praegu avatus ja koost\u00f6\u00f6, eriti Euroopa raames. Viimase kolme aasta jooksul olemegi osalenud kolmes Euroopa raamprojektis. Eestis on loomulikult k\u00f5ige suurem koost\u00f6\u00f6partner Tartu \u00fclikool, samuti Tallinna Tehnika \u00fclikool, Maa\u00fclikool. Tartu observatooriumil oli osalus ka kolmes teekaardi projektis: L\u00f5unaobservatooriumi projektis, ESA objektina esitamises ja Eesti keskkonnalabori projektis.<\/p>\n<p style=\"margin-bottom: 0cm; font-style: normal;\">Majasisese ning ka Eesti-sisese koost\u00f6\u00f6 ja keskkonna parandamiseks tehtav maja renoveerimine on samuti k\u00e4eulatuses. Selle kuu l\u00f5puks valmib majaprojekt ning ehitusega loodame pihta hakata suvel. Seega j\u00e4rgmisel aastal on ehk Eestis \u00fcks moodne teaduskeskus juures.<\/p>\n<p>Eesti f\u00fc\u00fcsika annab aru:<\/p>\n<p><a href=\"..\/?p=1888\">Keemilise ja Bioloogilise F\u00fc\u00fcsika instituut<\/a><br \/>\n<a href=\"..\/?p=1890\">Tartu observatoorium<\/a><a href=\"..\/?p=1892\"> <\/a><br \/>\n<a href=\"..\/?p=1892\">Teaduse teekaardist ja Eesti teaduse rahastamisest<\/a><br \/>\n<a href=\"..\/?p=1885\">Nanotehnoloogia arenduskeskusest<\/a><br \/>\n<a href=\"..\/?p=1882\">Uue FI maja projekt<\/a><\/p>\n<p><em>Teksti koostamise aluseks on XL Eesti F\u00fc\u00fcsika P\u00e4evadel tehtud diktofoni lindistus.Toimetaja v\u00f5tab t\u00e4ieliku vastutuse tekstis ilmneda v\u00f5ivate vigade eest.<\/em><\/p>\n","protected":false},"excerpt":{"rendered":"<p>Tartu observatoorium Ma usun, et Tartu observatoorium p\u00e4lvib l\u00e4hiajal rohkesti t\u00e4helepanu. Suuresti t\u00e4nu sellele, et Eesti riik on astunud suuri samme Euroopa Kosmoseagentuuriga liitumiseks. Eelmise aasta novembris kirjutati alla leping, mille tagaj\u00e4rjel arvati meid ESA-ga koost\u00f6\u00f6d tegevate riikide hulka. Teisest k\u00fcljest on Tartu observatooriumil ette n\u00e4idata pikk ajalugu astronoomia ja kaugseire vallas ning kindlasti plaanime [&hellip;]<\/p>\n","protected":false},"author":28,"featured_media":0,"comment_status":"open","ping_status":"closed","sticky":false,"template":"","format":"standard","meta":{"_genesis_hide_title":false,"_genesis_hide_breadcrumbs":false,"_genesis_hide_singular_image":false,"_genesis_hide_footer_widgets":false,"_genesis_custom_body_class":"","_genesis_custom_post_class":"","_genesis_layout":"","footnotes":""},"categories":[32,16],"tags":[],"class_list":{"0":"post-1890","1":"post","2":"type-post","3":"status-publish","4":"format-standard","6":"category-arvamus","7":"category-teadusuudis","8":"entry","9":"has-post-thumbnail"},"_links":{"self":[{"href":"https:\/\/www.fyysika.ee\/index.php?rest_route=\/wp\/v2\/posts\/1890","targetHints":{"allow":["GET"]}}],"collection":[{"href":"https:\/\/www.fyysika.ee\/index.php?rest_route=\/wp\/v2\/posts"}],"about":[{"href":"https:\/\/www.fyysika.ee\/index.php?rest_route=\/wp\/v2\/types\/post"}],"author":[{"embeddable":true,"href":"https:\/\/www.fyysika.ee\/index.php?rest_route=\/wp\/v2\/users\/28"}],"replies":[{"embeddable":true,"href":"https:\/\/www.fyysika.ee\/index.php?rest_route=%2Fwp%2Fv2%2Fcomments&post=1890"}],"version-history":[{"count":0,"href":"https:\/\/www.fyysika.ee\/index.php?rest_route=\/wp\/v2\/posts\/1890\/revisions"}],"wp:attachment":[{"href":"https:\/\/www.fyysika.ee\/index.php?rest_route=%2Fwp%2Fv2%2Fmedia&parent=1890"}],"wp:term":[{"taxonomy":"category","embeddable":true,"href":"https:\/\/www.fyysika.ee\/index.php?rest_route=%2Fwp%2Fv2%2Fcategories&post=1890"},{"taxonomy":"post_tag","embeddable":true,"href":"https:\/\/www.fyysika.ee\/index.php?rest_route=%2Fwp%2Fv2%2Ftags&post=1890"}],"curies":[{"name":"wp","href":"https:\/\/api.w.org\/{rel}","templated":true}]}}