{"id":189386,"date":"2016-03-08T09:55:05","date_gmt":"2016-03-08T06:55:05","guid":{"rendered":"http:\/\/www.fyysika.ee\/?p=189386"},"modified":"2016-03-08T10:21:57","modified_gmt":"2016-03-08T07:21:57","slug":"xlvi-eesti-fuusikapaevad-ja-xxxviii-fuusikaopetajate-paevad-kava","status":"publish","type":"post","link":"https:\/\/www.fyysika.ee\/?p=189386","title":{"rendered":"XLVI Eesti f\u00fc\u00fcsikap\u00e4evad ja XXXVIII f\u00fc\u00fcsika\u00f5petajate p\u00e4evad: kava"},"content":{"rendered":"<p><a href=\"http:\/\/www.fyysika.ee\/wp-content\/uploads\/2014\/01\/maja1.jpg\" rel=\"attachment wp-att-38365\"><img loading=\"lazy\" decoding=\"async\" class=\"alignleft size-medium wp-image-38365\" src=\"http:\/\/www.fyysika.ee\/wp-content\/uploads\/2014\/01\/maja1-300x200.jpg\" alt=\"maja1\" width=\"300\" height=\"200\" srcset=\"https:\/\/www.fyysika.ee\/wp-content\/uploads\/2014\/01\/maja1-300x200.jpg 300w, https:\/\/www.fyysika.ee\/wp-content\/uploads\/2014\/01\/maja1-250x166.jpg 250w, https:\/\/www.fyysika.ee\/wp-content\/uploads\/2014\/01\/maja1.jpg 900w\" sizes=\"auto, (max-width: 300px) 100vw, 300px\" \/><\/a>2016.a. f\u00fc\u00fcsikap\u00e4evade kava on n\u00fc\u00fcd uurimiseks aadressil\u00a0<a href=\"http:\/\/www.fyysika.ee\/?page_id=189305\">http:\/\/www.fyysika.ee\/?page_id=189305<\/a>.<\/p>\n<p>F\u00fc\u00fcsikap\u00e4evad toimuvad 18.-19. m\u00e4rtsil Tartus, T\u00dc f\u00fc\u00fcsikumis.<\/p>\n<p>Loodame rohket huvi!<\/p>\n","protected":false},"excerpt":{"rendered":"<p>2016.a. f\u00fc\u00fcsikap\u00e4evade kava on n\u00fc\u00fcd uurimiseks aadressil\u00a0http:\/\/www.fyysika.ee\/?page_id=189305. F\u00fc\u00fcsikap\u00e4evad toimuvad 18.-19. m\u00e4rtsil Tartus, T\u00dc f\u00fc\u00fcsikumis. Loodame rohket huvi!<\/p>\n","protected":false},"author":1,"featured_media":47011,"comment_status":"open","ping_status":"closed","sticky":false,"template":"","format":"standard","meta":{"_genesis_hide_title":false,"_genesis_hide_breadcrumbs":false,"_genesis_hide_singular_image":false,"_genesis_hide_footer_widgets":false,"_genesis_custom_body_class":"","_genesis_custom_post_class":"","_genesis_layout":"","footnotes":""},"categories":[189,37],"tags":[],"class_list":{"0":"post-189386","1":"post","2":"type-post","3":"status-publish","4":"format-standard","5":"has-post-thumbnail","7":"category-eesti-fuusika-selts","8":"category-eestist-endast","9":"entry"},"_links":{"self":[{"href":"https:\/\/www.fyysika.ee\/index.php?rest_route=\/wp\/v2\/posts\/189386","targetHints":{"allow":["GET"]}}],"collection":[{"href":"https:\/\/www.fyysika.ee\/index.php?rest_route=\/wp\/v2\/posts"}],"about":[{"href":"https:\/\/www.fyysika.ee\/index.php?rest_route=\/wp\/v2\/types\/post"}],"author":[{"embeddable":true,"href":"https:\/\/www.fyysika.ee\/index.php?rest_route=\/wp\/v2\/users\/1"}],"replies":[{"embeddable":true,"href":"https:\/\/www.fyysika.ee\/index.php?rest_route=%2Fwp%2Fv2%2Fcomments&post=189386"}],"version-history":[{"count":0,"href":"https:\/\/www.fyysika.ee\/index.php?rest_route=\/wp\/v2\/posts\/189386\/revisions"}],"wp:featuredmedia":[{"embeddable":true,"href":"https:\/\/www.fyysika.ee\/index.php?rest_route=\/wp\/v2\/media\/47011"}],"wp:attachment":[{"href":"https:\/\/www.fyysika.ee\/index.php?rest_route=%2Fwp%2Fv2%2Fmedia&parent=189386"}],"wp:term":[{"taxonomy":"category","embeddable":true,"href":"https:\/\/www.fyysika.ee\/index.php?rest_route=%2Fwp%2Fv2%2Fcategories&post=189386"},{"taxonomy":"post_tag","embeddable":true,"href":"https:\/\/www.fyysika.ee\/index.php?rest_route=%2Fwp%2Fv2%2Ftags&post=189386"}],"curies":[{"name":"wp","href":"https:\/\/api.w.org\/{rel}","templated":true}]}}