{"id":208280,"date":"2016-04-11T19:35:53","date_gmt":"2016-04-11T16:35:53","guid":{"rendered":"http:\/\/www.fyysika.ee\/?p=208280"},"modified":"2016-04-12T19:39:06","modified_gmt":"2016-04-12T16:39:06","slug":"akadeemik-karl-rebase-90-sunniaastapaevale-puhendatud-naitus","status":"publish","type":"post","link":"https:\/\/www.fyysika.ee\/?p=208280","title":{"rendered":"Akadeemik Karl Rebase 90. s\u00fcnniaastap\u00e4evale p\u00fchendatud n\u00e4itus"},"content":{"rendered":"<p><strong><img loading=\"lazy\" decoding=\"async\" class=\"alignleft\" src=\"https:\/\/s3.amazonaws.com\/photos.geni.com\/p13\/6f\/9e\/97\/68\/534448389d05ce9c\/karl_rebane_large.jpg\" alt=\"\" width=\"200\" height=\"328\" \/>11. aprillil kell 17.00 avatakse T\u00dc raamatukogu 2. korruse suures saalis akadeemik Karl Rebase 90. s\u00fcnniaastap\u00e4evale p\u00fchendatud n\u00e4itus.<\/strong><\/p>\n<p>K. Rebase pikaajalise, v\u00e4ga sihikindla ning eduka teadust\u00f6\u00f6 peateema oli teoreetiline f\u00fc\u00fcsika rakendatuna optikas ja tahke keha f\u00fc\u00fcsikas. 1968. aastal avaldatud venekeelne monograafia, mis k\u00e4sitles lisanditega kristallide optiliste spektrite teooriat, t\u00f5lgiti USA-s inglise keelde ja kujunes f\u00fc\u00fcsikamaailmas n\u00f5utud k\u00e4siraamatuks. See moodustas teoreetilise aluse, millel baseerub Karl Rebase loodud tahkise spektroskoopia koolkond Tartus. \u00dcheks tema tunnustatud saavutuseks on koos \u00f5pilastega arendatud optilise resonantse sekundaarkiirguse teooria, mis oli aluseks uue optilise n\u00e4htuse, kuuma luminestsentsi avastamisele.<\/p>\n<p>1961. a valiti K. Rebane ENSV Teaduste Akadeemia (TA) liikmeks, aastatel 1964\u20131968 oli ta sealse f\u00fc\u00fcsika-matemaatika ja tehnikateaduste osakonna akadeemiksekret\u00e4r, aastatel 1968\u20131973 ENSV TA asepresident ning aastatel 1973\u20131990 president. T\u00e4nu temale asutati 1973. a TA f\u00fc\u00fcsika instituut, 1973.\u20131976. aastal oli ta selle esimene direktor.<\/p>\n<p>Karl Rebasest kujunes rahvusvaheliselt \u00fcks tuntumaid Eesti f\u00fc\u00fcsikuid, kes viis Eesti f\u00fc\u00fcsikateaduse rahvusvahelisele areenile. Ta oli Vene TA, Euroopa Akadeemia (London) ja Euroopa Teaduste ja Kunstide Akadeemia (Salzburg) liige. Eesti Teaduste Akadeemia jaoks aga oli ta omal kombel ajastu\u00fclene president, kes sobis seda t\u00f6\u00f6d tegema \u00fchiskondlikest oludest s\u00f5ltumata. Sellega on l\u00e4inud Karl Rebane Eesti teaduse ajalukku kui teaduse suurmees, kellel olid teadmised, tahe ja v\u00f5imalused suunata teaduse arengut Eestis olulisel m\u00e4\u00e4ral peaaegu terve veerandsajandi jooksul.<\/p>\n<p>N\u00e4itus j\u00e4\u00e4b avatuks 29. maini 2016.<\/p>\n<p>Lisainfo:<br \/>\nTiina Sammelselg<br \/>\nT\u00dc raamatukogu<br \/>\nkogude arenduse osakond<br \/>\ntel 737 5753<br \/>\n<a class=\"spamspan\" href=\"mailto:tiina.sammelselg%40ut.ee\">tiina.sammelselg@ut.ee<\/a><\/p>\n","protected":false},"excerpt":{"rendered":"<p>11. aprillil kell 17.00 avatakse T\u00dc raamatukogu 2. korruse suures saalis akadeemik Karl Rebase 90. s\u00fcnniaastap\u00e4evale p\u00fchendatud n\u00e4itus. K. Rebase pikaajalise, v\u00e4ga sihikindla ning eduka teadust\u00f6\u00f6 peateema oli teoreetiline f\u00fc\u00fcsika rakendatuna optikas ja tahke keha f\u00fc\u00fcsikas. 1968. aastal avaldatud venekeelne monograafia, mis k\u00e4sitles lisanditega kristallide optiliste spektrite teooriat, t\u00f5lgiti USA-s inglise keelde ja kujunes f\u00fc\u00fcsikamaailmas [&hellip;]<\/p>\n","protected":false},"author":1,"featured_media":208282,"comment_status":"closed","ping_status":"closed","sticky":false,"template":"","format":"standard","meta":{"_genesis_hide_title":false,"_genesis_hide_breadcrumbs":false,"_genesis_hide_singular_image":false,"_genesis_hide_footer_widgets":false,"_genesis_custom_body_class":"","_genesis_custom_post_class":"","_genesis_layout":"","footnotes":""},"categories":[189,37],"tags":[],"class_list":{"0":"post-208280","1":"post","2":"type-post","3":"status-publish","4":"format-standard","5":"has-post-thumbnail","7":"category-eesti-fuusika-selts","8":"category-eestist-endast","9":"entry"},"_links":{"self":[{"href":"https:\/\/www.fyysika.ee\/index.php?rest_route=\/wp\/v2\/posts\/208280","targetHints":{"allow":["GET"]}}],"collection":[{"href":"https:\/\/www.fyysika.ee\/index.php?rest_route=\/wp\/v2\/posts"}],"about":[{"href":"https:\/\/www.fyysika.ee\/index.php?rest_route=\/wp\/v2\/types\/post"}],"author":[{"embeddable":true,"href":"https:\/\/www.fyysika.ee\/index.php?rest_route=\/wp\/v2\/users\/1"}],"replies":[{"embeddable":true,"href":"https:\/\/www.fyysika.ee\/index.php?rest_route=%2Fwp%2Fv2%2Fcomments&post=208280"}],"version-history":[{"count":0,"href":"https:\/\/www.fyysika.ee\/index.php?rest_route=\/wp\/v2\/posts\/208280\/revisions"}],"wp:featuredmedia":[{"embeddable":true,"href":"https:\/\/www.fyysika.ee\/index.php?rest_route=\/wp\/v2\/media\/208282"}],"wp:attachment":[{"href":"https:\/\/www.fyysika.ee\/index.php?rest_route=%2Fwp%2Fv2%2Fmedia&parent=208280"}],"wp:term":[{"taxonomy":"category","embeddable":true,"href":"https:\/\/www.fyysika.ee\/index.php?rest_route=%2Fwp%2Fv2%2Fcategories&post=208280"},{"taxonomy":"post_tag","embeddable":true,"href":"https:\/\/www.fyysika.ee\/index.php?rest_route=%2Fwp%2Fv2%2Ftags&post=208280"}],"curies":[{"name":"wp","href":"https:\/\/api.w.org\/{rel}","templated":true}]}}