{"id":26249,"date":"2012-03-23T17:56:06","date_gmt":"2012-03-23T14:56:06","guid":{"rendered":"http:\/\/www.fyysika.ee\/uudised\/?p=26249"},"modified":"2012-03-23T17:56:06","modified_gmt":"2012-03-23T14:56:06","slug":"xlii-eesti-fuusikapaevad","status":"publish","type":"post","link":"https:\/\/www.fyysika.ee\/?p=26249","title":{"rendered":"XLII Eesti F\u00fc\u00fcsikap\u00e4evad"},"content":{"rendered":"<p><strong>23. m\u00e4rtsil toimusid Dorpati konverentsikeskuses Eesti F\u00fc\u00fcsika Seltsi (EFS) XLII Eesti f\u00fc\u00fcsikap\u00e4evad ja 24. m\u00e4rtsil toimus AHHAA keskuses f\u00fc\u00fcsika\u00f5petajate p\u00e4ev. Toimunud ettekannete kavaga saate tutvuda <a href=\"http:\/\/www.fyysika.ee\/fyysika\/fp\/\">siit<\/a>.<\/strong><\/p>\n<div id=\"attachment_26252\" style=\"width: 285px\" class=\"wp-caption alignleft\"><a href=\"http:\/\/www.fyysika.ee\/uudised\/wp-content\/uploads\/2012\/03\/kadastik_1.jpg\"><img loading=\"lazy\" decoding=\"async\" aria-describedby=\"caption-attachment-26252\" class=\"size-full wp-image-26252  \" title=\"kadastik_1\" src=\"http:\/\/www.fyysika.ee\/uudised\/wp-content\/uploads\/2012\/03\/kadastik_1.jpg\" alt=\"\" width=\"275\" height=\"169\" srcset=\"https:\/\/www.fyysika.ee\/wp-content\/uploads\/2012\/03\/kadastik_1.jpg 378w, https:\/\/www.fyysika.ee\/wp-content\/uploads\/2012\/03\/kadastik_1-300x184.jpg 300w, https:\/\/www.fyysika.ee\/wp-content\/uploads\/2012\/03\/kadastik_1-250x153.jpg 250w\" sizes=\"auto, (max-width: 275px) 100vw, 275px\" \/><\/a>EFS 2012 aastapreemia laureaat Mario Kadastik ja EFS esimees Kaido Reivelt<\/dt>\n<\/dl>\n<\/div>\n<p>Sellel aastal oli kavas ka EFS tegemisi tutvustav blokk, kus tutvustati GLOBE\u00a0 tegevusi ja\u00a0f\u00fc\u00fcsika\u00f5petajate liikumist.<\/p>\n<p>Lisaks tegi\u00a0Teadusbuss demoetenduse ja tutvustati fyysika.ee uudisteportaali telgitaguseid.<\/p>\n<p>2012 EFS aastapreemia laureaadiks oli Mario Kadastik oma sisuka t\u00f6\u00f6 eest Higgsi bosoni ja tumeaine otsinguil.<\/p>\n<p>EFS aukirja sai Telesarja Rakett 69 meeskond v\u00e4ljapaistva s\u00fcdikuse eest teaduse populariseerimisel. Esindajana oli kohal Andres Juur, kes on \u00fcks peamistest seal kasutatavate \u00fclesannete v\u00e4ljam\u00f5tlejatest ja ka v\u00e4ljat\u00f6\u00f6tajatest.<\/p>\n<div class=\"mceTemp\">\n<dl id=\"attachment_26259\" class=\"wp-caption alignright\" style=\"width: 199px;\">\n<dt class=\"wp-caption-dt\"><a href=\"http:\/\/www.fyysika.ee\/uudised\/wp-content\/uploads\/2012\/03\/kees_\u00f5pilaspreemia.jpg\"><img loading=\"lazy\" decoding=\"async\" aria-describedby=\"caption-attachment-26252\" class=\"size-full wp-image-26259 \" title=\"kees_\u00f5pilaspreemia\" src=\"http:\/\/www.fyysika.ee\/uudised\/wp-content\/uploads\/2012\/03\/kees_\u00f5pilaspreemia.jpg\" alt=\"\" width=\"189\" height=\"122\" \/><\/a><p id=\"caption-attachment-26252\" class=\"wp-caption-text\">\u00d5pilaspreemia laureaat Kees Vanm\u00f6lder ja EFS esimees Kaido Reivelt<\/p><\/div>\n<p>EFS \u00f5pilaspreemia p\u00e4lvis Kees Vanm\u00f6lder, Tallinna Reaalkooli \u00f5pilane, uurimist\u00f6\u00f6\u00a0 &#8220;R\u00f6\u00f6bass\u00f5idukite d\u00fcnaamika v\u00f5rdlus erinevate r\u00f6\u00f6pmelaiustega r\u00f6\u00f6basteedel&#8221; eest. Samuti t\u00e4nas EFS ka tema juhendajaid: \u00f5petajat Mart Kuurmet (Tallinna Reaalkool) ja Dr. Hans R\u00e4mmalit (Tallinna Tehnika\u00fclikool).<\/p>\n<p>V\u00e4lja anti ka mitmeid T\u00e4nut\u00e4hti eelmisel aastal EFS erinevate projektides osalejatele. T\u00e4nut\u00e4hed said\u00a0Piret Kuusk (Halliday \u00f5pik, aastaraamat), Nils Austa (Halliday \u00f5pik, mehaanika, EFS uudisteportaal), Karli K\u00fctt (GLOBE), Alex N\u00f5omaa (Teadusbuss), Riina Murulaid (\u00f5petajad) ja Aile Tamm (f\u00fc\u00fcsika uudisteportaal).<\/p>\n","protected":false},"excerpt":{"rendered":"<p>23. m\u00e4rtsil toimusid Dorpati konverentsikeskuses Eesti F\u00fc\u00fcsika Seltsi (EFS) XLII Eesti f\u00fc\u00fcsikap\u00e4evad ja 24. m\u00e4rtsil toimus AHHAA keskuses f\u00fc\u00fcsika\u00f5petajate p\u00e4ev. Toimunud ettekannete kavaga saate tutvuda siit. EFS \u00f5pilaspreemia p\u00e4lvis Kees Vanm\u00f6lder, Tallinna Reaalkooli \u00f5pilane, uurimist\u00f6\u00f6\u00a0 &#8220;R\u00f6\u00f6bass\u00f5idukite d\u00fcnaamika v\u00f5rdlus erinevate r\u00f6\u00f6pmelaiustega r\u00f6\u00f6basteedel&#8221; eest. Samuti t\u00e4nas EFS ka tema juhendajaid: \u00f5petajat Mart Kuurmet (Tallinna Reaalkool) ja Dr. [&hellip;]<\/p>\n","protected":false},"author":27,"featured_media":0,"comment_status":"open","ping_status":"closed","sticky":false,"template":"","format":"standard","meta":{"_genesis_hide_title":false,"_genesis_hide_breadcrumbs":false,"_genesis_hide_singular_image":false,"_genesis_hide_footer_widgets":false,"_genesis_custom_body_class":"","_genesis_custom_post_class":"","_genesis_layout":"","footnotes":""},"categories":[37],"tags":[],"class_list":{"0":"post-26249","1":"post","2":"type-post","3":"status-publish","4":"format-standard","6":"category-eestist-endast","7":"entry","8":"has-post-thumbnail"},"_links":{"self":[{"href":"https:\/\/www.fyysika.ee\/index.php?rest_route=\/wp\/v2\/posts\/26249","targetHints":{"allow":["GET"]}}],"collection":[{"href":"https:\/\/www.fyysika.ee\/index.php?rest_route=\/wp\/v2\/posts"}],"about":[{"href":"https:\/\/www.fyysika.ee\/index.php?rest_route=\/wp\/v2\/types\/post"}],"author":[{"embeddable":true,"href":"https:\/\/www.fyysika.ee\/index.php?rest_route=\/wp\/v2\/users\/27"}],"replies":[{"embeddable":true,"href":"https:\/\/www.fyysika.ee\/index.php?rest_route=%2Fwp%2Fv2%2Fcomments&post=26249"}],"version-history":[{"count":0,"href":"https:\/\/www.fyysika.ee\/index.php?rest_route=\/wp\/v2\/posts\/26249\/revisions"}],"wp:attachment":[{"href":"https:\/\/www.fyysika.ee\/index.php?rest_route=%2Fwp%2Fv2%2Fmedia&parent=26249"}],"wp:term":[{"taxonomy":"category","embeddable":true,"href":"https:\/\/www.fyysika.ee\/index.php?rest_route=%2Fwp%2Fv2%2Fcategories&post=26249"},{"taxonomy":"post_tag","embeddable":true,"href":"https:\/\/www.fyysika.ee\/index.php?rest_route=%2Fwp%2Fv2%2Ftags&post=26249"}],"curies":[{"name":"wp","href":"https:\/\/api.w.org\/{rel}","templated":true}]}}