{"id":26734,"date":"2012-04-12T11:31:11","date_gmt":"2012-04-12T08:31:11","guid":{"rendered":"http:\/\/www.fyysika.ee\/uudised\/?p=26734"},"modified":"2012-04-12T11:31:11","modified_gmt":"2012-04-12T08:31:11","slug":"teemantisse-integreeritud-kvantprotsessor","status":"publish","type":"post","link":"https:\/\/www.fyysika.ee\/?p=26734","title":{"rendered":"Teemantisse integreeritud kvantprotsessor"},"content":{"rendered":"<p><a href=\"http:\/\/www.fyysika.ee\/uudised\/wp-content\/uploads\/2012\/04\/teemantkirst.jpg\"><img loading=\"lazy\" decoding=\"async\" class=\"aligncenter size-full wp-image-26735\" src=\"http:\/\/www.fyysika.ee\/uudised\/wp-content\/uploads\/2012\/04\/teemantkirst.jpg\" alt=\"\" width=\"476\" height=\"484\" srcset=\"https:\/\/www.fyysika.ee\/wp-content\/uploads\/2012\/04\/teemantkirst.jpg 476w, https:\/\/www.fyysika.ee\/wp-content\/uploads\/2012\/04\/teemantkirst-295x300.jpg 295w, https:\/\/www.fyysika.ee\/wp-content\/uploads\/2012\/04\/teemantkirst-250x254.jpg 250w\" sizes=\"auto, (max-width: 476px) 100vw, 476px\" \/><\/a><\/p>\n<p>L\u00f5una-California \u00dclikooli teadlaste t\u00f6\u00f6r\u00fchm valmistas teemantkristalli sisse kvantarvuti, esimese omalaadse, mis kaitseb l\u00fclitusprotsesse mittekoherentse m\u00fcra vastu. Kiibi m\u00f5\u00f5tmed on 3 x 3 mm, selles paikneva teemanttuuma m\u00f5\u00f5tmed aga 1 x 1 mm. Kiibis on kaks teemantkristalli lisandaatomitel p\u00f5hinevat kvantbitti. Pildilolevas seadmes on \u00fcheks bitiks l\u00e4mmastiku aatom, teiseks aga aatomi elektronkatte elektron. M\u00fcrat\u00f5kkeks kiiritati elektroni mikrolainetega, mis osakese spinn-olekut pidevalt muutsid. Loe l\u00e4hemalt <a href=\"http:\/\/www.sciencedaily.com\/releases\/2012\/04\/120404161943.htm\">siit<\/a>.<\/p>\n","protected":false},"excerpt":{"rendered":"<p>L\u00f5una-California \u00dclikooli teadlaste t\u00f6\u00f6r\u00fchm valmistas teemantkristalli sisse kvantarvuti, esimese omalaadse, mis kaitseb l\u00fclitusprotsesse mittekoherentse m\u00fcra vastu. Kiibi m\u00f5\u00f5tmed on 3 x 3 mm, selles paikneva teemanttuuma m\u00f5\u00f5tmed aga 1 x 1 mm. Kiibis on kaks teemantkristalli lisandaatomitel p\u00f5hinevat kvantbitti. Pildilolevas seadmes on \u00fcheks bitiks l\u00e4mmastiku aatom, teiseks aga aatomi elektronkatte elektron. M\u00fcrat\u00f5kkeks kiiritati elektroni mikrolainetega, [&hellip;]<\/p>\n","protected":false},"author":449,"featured_media":26735,"comment_status":"open","ping_status":"closed","sticky":false,"template":"","format":"standard","meta":{"_genesis_hide_title":false,"_genesis_hide_breadcrumbs":false,"_genesis_hide_singular_image":false,"_genesis_hide_footer_widgets":false,"_genesis_custom_body_class":"","_genesis_custom_post_class":"","_genesis_layout":"","footnotes":""},"categories":[40],"tags":[],"class_list":{"0":"post-26734","1":"post","2":"type-post","3":"status-publish","4":"format-standard","5":"has-post-thumbnail","7":"category-paev-pildis","8":"entry"},"_links":{"self":[{"href":"https:\/\/www.fyysika.ee\/index.php?rest_route=\/wp\/v2\/posts\/26734","targetHints":{"allow":["GET"]}}],"collection":[{"href":"https:\/\/www.fyysika.ee\/index.php?rest_route=\/wp\/v2\/posts"}],"about":[{"href":"https:\/\/www.fyysika.ee\/index.php?rest_route=\/wp\/v2\/types\/post"}],"author":[{"embeddable":true,"href":"https:\/\/www.fyysika.ee\/index.php?rest_route=\/wp\/v2\/users\/449"}],"replies":[{"embeddable":true,"href":"https:\/\/www.fyysika.ee\/index.php?rest_route=%2Fwp%2Fv2%2Fcomments&post=26734"}],"version-history":[{"count":0,"href":"https:\/\/www.fyysika.ee\/index.php?rest_route=\/wp\/v2\/posts\/26734\/revisions"}],"wp:featuredmedia":[{"embeddable":true,"href":"https:\/\/www.fyysika.ee\/index.php?rest_route=\/wp\/v2\/media\/26735"}],"wp:attachment":[{"href":"https:\/\/www.fyysika.ee\/index.php?rest_route=%2Fwp%2Fv2%2Fmedia&parent=26734"}],"wp:term":[{"taxonomy":"category","embeddable":true,"href":"https:\/\/www.fyysika.ee\/index.php?rest_route=%2Fwp%2Fv2%2Fcategories&post=26734"},{"taxonomy":"post_tag","embeddable":true,"href":"https:\/\/www.fyysika.ee\/index.php?rest_route=%2Fwp%2Fv2%2Ftags&post=26734"}],"curies":[{"name":"wp","href":"https:\/\/api.w.org\/{rel}","templated":true}]}}