{"id":28552,"date":"2012-07-20T18:10:34","date_gmt":"2012-07-20T15:10:34","guid":{"rendered":"http:\/\/www.fyysika.ee\/uudised\/?p=28552"},"modified":"2012-07-25T17:29:50","modified_gmt":"2012-07-25T14:29:50","slug":"20-augustil-kuulutati-tartu-fuusikapealinnaks","status":"publish","type":"post","link":"https:\/\/www.fyysika.ee\/?p=28552","title":{"rendered":"20.augustil kuulutati Tartu F\u00fc\u00fcsikapealinnaks"},"content":{"rendered":"<p><strong>K\u00e4esolev aasta on Eestis kuulutatud Teadusaastaks ning sellest  ajendatuna kannavad t\u00e4navused Tartu Hansap\u00e4evad tiitlit \u201eUurivad Tartu  Hansap\u00e4evad\u201c. 20 juulil kell 12.00 kuulutati Tartu &#8211; Maailma f\u00fc\u00fcsikapealinnaks. F\u00fc\u00fcsikapealinnas toimuvaga saad tutvuda siit:\u00a0 <a href=\"http:\/\/www.miks.ee\/fuusikapealinn\">www. miks.ee\/f\u00fc\u00fcsikapealinn.<\/a><br \/>\n<\/strong><\/p>\n<div id=\"attachment_28560\" style=\"width: 298px\" class=\"wp-caption alignleft\"><a href=\"http:\/\/www.fyysika.ee\/uudised\/wp-content\/uploads\/2012\/07\/Raekojaplats.png\"><img loading=\"lazy\" decoding=\"async\" aria-describedby=\"caption-attachment-28560\" class=\"size-full wp-image-28560\" title=\"Raekojaplats\" src=\"http:\/\/www.fyysika.ee\/uudised\/wp-content\/uploads\/2012\/07\/Raekojaplats.png\" alt=\"\" width=\"288\" height=\"194\" srcset=\"https:\/\/www.fyysika.ee\/wp-content\/uploads\/2012\/07\/Raekojaplats.png 800w, https:\/\/www.fyysika.ee\/wp-content\/uploads\/2012\/07\/Raekojaplats-300x202.png 300w, https:\/\/www.fyysika.ee\/wp-content\/uploads\/2012\/07\/Raekojaplats-250x168.png 250w\" sizes=\"auto, (max-width: 288px) 100vw, 288px\" \/><\/a><p id=\"caption-attachment-28560\" class=\"wp-caption-text\">Raekojaplatsil, F\u00fc\u00fcsikapealinna v\u00e4ljakuulutamine. <\/p><\/div>\n<div id=\"attachment_28561\" style=\"width: 276px\" class=\"wp-caption alignleft\"><a href=\"http:\/\/www.fyysika.ee\/uudised\/wp-content\/uploads\/2012\/07\/IMG_0141.jpg\"><img loading=\"lazy\" decoding=\"async\" aria-describedby=\"caption-attachment-28561\" class=\"size-full wp-image-28561\" title=\"IMG_0141\" src=\"http:\/\/www.fyysika.ee\/uudised\/wp-content\/uploads\/2012\/07\/IMG_0141.jpg\" alt=\"\" width=\"266\" height=\"199\" srcset=\"https:\/\/www.fyysika.ee\/wp-content\/uploads\/2012\/07\/IMG_0141.jpg 2272w, https:\/\/www.fyysika.ee\/wp-content\/uploads\/2012\/07\/IMG_0141-300x224.jpg 300w, https:\/\/www.fyysika.ee\/wp-content\/uploads\/2012\/07\/IMG_0141-1024x768.jpg 1024w, https:\/\/www.fyysika.ee\/wp-content\/uploads\/2012\/07\/IMG_0141-250x187.jpg 250w\" sizes=\"auto, (max-width: 266px) 100vw, 266px\" \/><\/a><p id=\"caption-attachment-28561\" class=\"wp-caption-text\">Esinejad Raekojaplatsil F\u00fc\u00fcsikapealinna tervitamas.<\/p><\/div>\n<p>Hansap\u00e4evad toimusid 20-22. juulil ja siis oli Toomem\u00e4el avatud Teaduslinn, kus tegutsesid p\u00f5nevad programmid, haaravad t\u00f6\u00f6toad ja toimusid huvitavad loengud. Tegutsemine toimus nii Tartu T\u00e4hetorni ees kui ka Tartu \u00dclikooli muuseumi ees ja sees.<\/p>\n<div id=\"attachment_28554\" style=\"width: 205px\" class=\"wp-caption alignleft\"><a href=\"http:\/\/www.fyysika.ee\/uudised\/wp-content\/uploads\/2012\/07\/IMG_0143.jpg\"><img loading=\"lazy\" decoding=\"async\" aria-describedby=\"caption-attachment-28554\" class=\"size-full wp-image-28554 \" title=\"IMG_0143\" src=\"http:\/\/www.fyysika.ee\/uudised\/wp-content\/uploads\/2012\/07\/IMG_0143.jpg\" alt=\"\" width=\"195\" height=\"147\" srcset=\"https:\/\/www.fyysika.ee\/wp-content\/uploads\/2012\/07\/IMG_0143.jpg 2272w, https:\/\/www.fyysika.ee\/wp-content\/uploads\/2012\/07\/IMG_0143-300x224.jpg 300w, https:\/\/www.fyysika.ee\/wp-content\/uploads\/2012\/07\/IMG_0143-1024x768.jpg 1024w, https:\/\/www.fyysika.ee\/wp-content\/uploads\/2012\/07\/IMG_0143-250x187.jpg 250w\" sizes=\"auto, (max-width: 195px) 100vw, 195px\" \/><\/a><p id=\"caption-attachment-28554\" class=\"wp-caption-text\">Geenivaramu telk.<\/p><\/div>\n<div id=\"attachment_28569\" style=\"width: 214px\" class=\"wp-caption alignleft\"><a href=\"http:\/\/www.fyysika.ee\/uudised\/wp-content\/uploads\/2012\/07\/estcube.png\"><img loading=\"lazy\" decoding=\"async\" aria-describedby=\"caption-attachment-28569\" class=\"size-full wp-image-28569 \" title=\"estcube\" src=\"http:\/\/www.fyysika.ee\/uudised\/wp-content\/uploads\/2012\/07\/estcube.png\" alt=\"\" width=\"204\" height=\"153\" \/><\/a><p id=\"caption-attachment-28569\" class=\"wp-caption-text\">Eestis arendatava sateliidi tutvustus.<\/p><\/div>\n<div id=\"attachment_28553\" style=\"width: 214px\" class=\"wp-caption alignleft\"><a href=\"http:\/\/www.fyysika.ee\/uudised\/wp-content\/uploads\/2012\/07\/tehislihased.png\"><img loading=\"lazy\" decoding=\"async\" aria-describedby=\"caption-attachment-28553\" class=\"size-full wp-image-28553 \" title=\"tehislihased\" src=\"http:\/\/www.fyysika.ee\/uudised\/wp-content\/uploads\/2012\/07\/tehislihased.png\" alt=\"\" width=\"204\" height=\"153\" \/><\/a><p id=\"caption-attachment-28553\" class=\"wp-caption-text\">Tehislihaseid tutvustav v\u00e4ljapanek.<\/p><\/div>\n<div id=\"attachment_28557\" style=\"width: 214px\" class=\"wp-caption alignleft\"><a href=\"http:\/\/www.fyysika.ee\/uudised\/wp-content\/uploads\/2012\/07\/probiotik1.png\"><img loading=\"lazy\" decoding=\"async\" aria-describedby=\"caption-attachment-28557\" class=\"size-full wp-image-28557 \" title=\"probiotik\" src=\"http:\/\/www.fyysika.ee\/uudised\/wp-content\/uploads\/2012\/07\/probiotik1.png\" alt=\"\" width=\"204\" height=\"153\" \/><\/a><p id=\"caption-attachment-28557\" class=\"wp-caption-text\">Probiotikuid tutvustav telk.<\/p><\/div>\n","protected":false},"excerpt":{"rendered":"<p>K\u00e4esolev aasta on Eestis kuulutatud Teadusaastaks ning sellest ajendatuna kannavad t\u00e4navused Tartu Hansap\u00e4evad tiitlit \u201eUurivad Tartu Hansap\u00e4evad\u201c. 20 juulil kell 12.00 kuulutati Tartu &#8211; Maailma f\u00fc\u00fcsikapealinnaks. F\u00fc\u00fcsikapealinnas toimuvaga saad tutvuda siit:\u00a0 www. miks.ee\/f\u00fc\u00fcsikapealinn. Hansap\u00e4evad toimusid 20-22. juulil ja siis oli Toomem\u00e4el avatud Teaduslinn, kus tegutsesid p\u00f5nevad programmid, haaravad t\u00f6\u00f6toad ja toimusid huvitavad loengud. Tegutsemine toimus [&hellip;]<\/p>\n","protected":false},"author":27,"featured_media":0,"comment_status":"open","ping_status":"closed","sticky":false,"template":"","format":"standard","meta":{"_genesis_hide_title":false,"_genesis_hide_breadcrumbs":false,"_genesis_hide_singular_image":false,"_genesis_hide_footer_widgets":false,"_genesis_custom_body_class":"","_genesis_custom_post_class":"","_genesis_layout":"","footnotes":""},"categories":[37],"tags":[170],"class_list":{"0":"post-28552","1":"post","2":"type-post","3":"status-publish","4":"format-standard","6":"category-eestist-endast","7":"tag-ipho2012","8":"entry","9":"has-post-thumbnail"},"_links":{"self":[{"href":"https:\/\/www.fyysika.ee\/index.php?rest_route=\/wp\/v2\/posts\/28552","targetHints":{"allow":["GET"]}}],"collection":[{"href":"https:\/\/www.fyysika.ee\/index.php?rest_route=\/wp\/v2\/posts"}],"about":[{"href":"https:\/\/www.fyysika.ee\/index.php?rest_route=\/wp\/v2\/types\/post"}],"author":[{"embeddable":true,"href":"https:\/\/www.fyysika.ee\/index.php?rest_route=\/wp\/v2\/users\/27"}],"replies":[{"embeddable":true,"href":"https:\/\/www.fyysika.ee\/index.php?rest_route=%2Fwp%2Fv2%2Fcomments&post=28552"}],"version-history":[{"count":0,"href":"https:\/\/www.fyysika.ee\/index.php?rest_route=\/wp\/v2\/posts\/28552\/revisions"}],"wp:attachment":[{"href":"https:\/\/www.fyysika.ee\/index.php?rest_route=%2Fwp%2Fv2%2Fmedia&parent=28552"}],"wp:term":[{"taxonomy":"category","embeddable":true,"href":"https:\/\/www.fyysika.ee\/index.php?rest_route=%2Fwp%2Fv2%2Fcategories&post=28552"},{"taxonomy":"post_tag","embeddable":true,"href":"https:\/\/www.fyysika.ee\/index.php?rest_route=%2Fwp%2Fv2%2Ftags&post=28552"}],"curies":[{"name":"wp","href":"https:\/\/api.w.org\/{rel}","templated":true}]}}