{"id":293006,"date":"2016-10-11T19:35:05","date_gmt":"2016-10-11T16:35:05","guid":{"rendered":"http:\/\/www.fyysika.ee\/?p=293006"},"modified":"2016-10-12T14:47:05","modified_gmt":"2016-10-12T11:47:05","slug":"rahvusvahelisel-fotoonikapaeval-naidatakse-valguskatseid","status":"publish","type":"post","link":"https:\/\/www.fyysika.ee\/?p=293006","title":{"rendered":"Rahvusvahelisel fotoonikap\u00e4eval n\u00e4idatakse valguskatseid"},"content":{"rendered":"<p><strong><a href=\"http:\/\/www.fyysika.ee\/wp-content\/uploads\/2016\/10\/DAY-OF-PHOTONICS-2016-LOGO.jpg\"><img loading=\"lazy\" decoding=\"async\" class=\"alignleft size-medium wp-image-293009\" src=\"http:\/\/www.fyysika.ee\/wp-content\/uploads\/2016\/10\/DAY-OF-PHOTONICS-2016-LOGO-300x81.jpg\" alt=\"Print\" width=\"300\" height=\"81\" srcset=\"https:\/\/www.fyysika.ee\/wp-content\/uploads\/2016\/10\/DAY-OF-PHOTONICS-2016-LOGO-300x81.jpg 300w, https:\/\/www.fyysika.ee\/wp-content\/uploads\/2016\/10\/DAY-OF-PHOTONICS-2016-LOGO-768x207.jpg 768w, https:\/\/www.fyysika.ee\/wp-content\/uploads\/2016\/10\/DAY-OF-PHOTONICS-2016-LOGO-1024x275.jpg 1024w\" sizes=\"auto, (max-width: 300px) 100vw, 300px\" \/><\/a>21. oktoobril 1983. aastal kiideti heaks valguse kiiruse v\u00e4\u00e4rtus 299\u00a0792\u00a0458 m\/s \u2013 selle s\u00fcndmuse auks t\u00e4histatakse seda p\u00e4eva kui rahvusvahelist fotoonikap\u00e4eva. Sel kuup\u00e4eval t\u00e4histatakse fotoonikap\u00e4eva teistkordselt ka Eestis: Tartu \u00fclikooli f\u00fc\u00fcsika instituut avab huvilistele oma uksed, n\u00e4itab valguskatseid ning tutvustab viimase aja saavutusi ja valdkonna arenguid Eestis.<\/strong><\/p>\n<p>Fotoonikap\u00e4eva \u00fche korraldaja, Tartu \u00fclikooli f\u00fc\u00fcsika instituudi fotoonikaklastri esindaja Sandhra-Mirelle Valdma s\u00f5nul on Euroopa kogukond valinud fotoonika \u00fcheks tulevikku suunatud v\u00f5tmetehnoloogiaks ning selle teadvustamiseks korraldatakse 21. oktoobril \u00fcle terve maailma s\u00fcndmusi teema olulisuse ja potentsiaali tutvustamiseks.<\/p>\n<p>T\u00dc f\u00fc\u00fcsika instituudi \u00fcli\u00f5pilaste ja teadlaste fotoonikaalased teadmised ja oskused on maailmas saanud tunnustust mitmel mainekal konkursil. Nii tutvustatakse fotoonikap\u00e4eval valdkonda muu hulgas nende edulugude kontekstis. \u00dchte edulugu avatakse n\u00e4iteks \u00fcli\u00f5pilaste n\u00e4itel, kes m\u00f5tlesid rahvusvahelise v\u00f5istluse jaoks v\u00e4lja, <strong>kuidas v\u00f5ltsida kujutletava tulevikuraha holograafilisi turvaelemente. Oma lahendusega v\u00f5itsid nad noorima meeskonnana Saksamaal toimunud rahvusvahelisel v\u00f5istlusel \u201eOpen Research Challenge\u201c fotoonika tehnoloogia kategoorias esikoha.<\/strong><\/p>\n<p>Tutvustamisele tuleb ka v\u00f5istlus\u00fclesanne ja lahendus, millega f\u00fc\u00fcsika instituudi doktorandid ja teadlased hiljuti Harvardi \u00fclikooli ees rahvusvahelise <strong>k\u00f5rglahutus-mikroskoopia tarkvara loomise v\u00f5istluse 3D mikroskoopia kategoorias v\u00f5itsid.<\/strong><\/p>\n<p>S\u00f5na fotoonika tuleb s\u00f5nast footon, mis on v\u00e4him v\u00f5imalik valguse osake. Selle m\u00f5istega t\u00e4histatakse nii t\u00f6\u00f6stussektorit kui ka teadusharu, mis tegelevad tehnoloogiatega valguse tekitamiseks (nt LEDid, laserid), muundamiseks (nt l\u00e4\u00e4tsed, optilised kiud) ja neelamiseks (nt p\u00e4ikesepatareid, CCD detektorid).<\/p>\n<p>Fotoonikap\u00e4eva korraldavad Tartus Tartu \u00fclikooli f\u00fc\u00fcsika instituudi fotoonikaklubi, Eesti F\u00fc\u00fcsika Selts ja Teadusbuss koost\u00f6\u00f6s Eesti fotoonikaettev\u00f5tete ja Balti fotoonika klastriga ning selle korraldus koordineerib \u00fcle maailma Euroopa fotoonikat\u00f6\u00f6stuse konsortsium. S\u00fcndmus leiab aset 21. oktoobril 2016 algusega kell 12 Tartu \u00fclikooli f\u00fc\u00fcsika instituudis. K\u00f5ik huvilised, sh g\u00fcmnaasiumi\u00f5pilased on s\u00fcndmusele oodatud.<\/p>\n<p><a href=\"http:\/\/fyysika.ee\/fotoonikaklubi\/21-10-2016-fotoonika-paev\/\">Tutvu \u00fcrituse kavaga<\/a>. Osalemissoovi korral peaks ennast ka <a href=\"https:\/\/docs.google.com\/forms\/d\/e\/1FAIpQLSfp3Eg73Q6_CJk_kRY1zWNVnb_FYAWCorsKTwA3oN6yJVMjxQ\/viewform\">registreerima<\/a>.<\/p>\n<p><strong>Lisainfo<br \/>\nOtt Rebane, <\/strong>Tartu \u00dclikooli F\u00fc\u00fcsika Instituudi t\u00f6\u00f6stussuhete ekspert<br \/>\n56 299 145<br \/>\n<a href=\"mailto:ott.rebane@ut.ee\">ott.rebane@ut.ee<\/a><\/p>\n<p><strong>Kaido Reivelt<\/strong>, Tartu \u00dclikooli F\u00fc\u00fcsika Instituudi koolif\u00fc\u00fcsika keskuse juhataja<br \/>\n737 4623<\/p>\n<p><a href=\"mailto:kaido.reivelt@ut.ee\">kaido.reivelt@ut.ee<\/a><\/p>\n<p>&nbsp;<\/p>\n<p>&nbsp;<\/p>\n<p>&nbsp;<\/p>\n<p>&nbsp;<\/p>\n","protected":false},"excerpt":{"rendered":"<p>21. oktoobril 1983. aastal kiideti heaks valguse kiiruse v\u00e4\u00e4rtus 299\u00a0792\u00a0458 m\/s \u2013 selle s\u00fcndmuse auks t\u00e4histatakse seda p\u00e4eva kui rahvusvahelist fotoonikap\u00e4eva. Sel kuup\u00e4eval t\u00e4histatakse fotoonikap\u00e4eva teistkordselt ka Eestis: Tartu \u00fclikooli f\u00fc\u00fcsika instituut avab huvilistele oma uksed, n\u00e4itab valguskatseid ning tutvustab viimase aja saavutusi ja valdkonna arenguid Eestis. Fotoonikap\u00e4eva \u00fche korraldaja, Tartu \u00fclikooli f\u00fc\u00fcsika instituudi fotoonikaklastri [&hellip;]<\/p>\n","protected":false},"author":1,"featured_media":293009,"comment_status":"closed","ping_status":"closed","sticky":false,"template":"","format":"standard","meta":{"_genesis_hide_title":false,"_genesis_hide_breadcrumbs":false,"_genesis_hide_singular_image":false,"_genesis_hide_footer_widgets":false,"_genesis_custom_body_class":"","_genesis_custom_post_class":"","_genesis_layout":"","footnotes":""},"categories":[189,37],"tags":[],"class_list":{"0":"post-293006","1":"post","2":"type-post","3":"status-publish","4":"format-standard","5":"has-post-thumbnail","7":"category-eesti-fuusika-selts","8":"category-eestist-endast","9":"entry"},"_links":{"self":[{"href":"https:\/\/www.fyysika.ee\/index.php?rest_route=\/wp\/v2\/posts\/293006","targetHints":{"allow":["GET"]}}],"collection":[{"href":"https:\/\/www.fyysika.ee\/index.php?rest_route=\/wp\/v2\/posts"}],"about":[{"href":"https:\/\/www.fyysika.ee\/index.php?rest_route=\/wp\/v2\/types\/post"}],"author":[{"embeddable":true,"href":"https:\/\/www.fyysika.ee\/index.php?rest_route=\/wp\/v2\/users\/1"}],"replies":[{"embeddable":true,"href":"https:\/\/www.fyysika.ee\/index.php?rest_route=%2Fwp%2Fv2%2Fcomments&post=293006"}],"version-history":[{"count":0,"href":"https:\/\/www.fyysika.ee\/index.php?rest_route=\/wp\/v2\/posts\/293006\/revisions"}],"wp:featuredmedia":[{"embeddable":true,"href":"https:\/\/www.fyysika.ee\/index.php?rest_route=\/wp\/v2\/media\/293009"}],"wp:attachment":[{"href":"https:\/\/www.fyysika.ee\/index.php?rest_route=%2Fwp%2Fv2%2Fmedia&parent=293006"}],"wp:term":[{"taxonomy":"category","embeddable":true,"href":"https:\/\/www.fyysika.ee\/index.php?rest_route=%2Fwp%2Fv2%2Fcategories&post=293006"},{"taxonomy":"post_tag","embeddable":true,"href":"https:\/\/www.fyysika.ee\/index.php?rest_route=%2Fwp%2Fv2%2Ftags&post=293006"}],"curies":[{"name":"wp","href":"https:\/\/api.w.org\/{rel}","templated":true}]}}