{"id":29985,"date":"2012-10-23T11:24:06","date_gmt":"2012-10-23T08:24:06","guid":{"rendered":"http:\/\/www.fyysika.ee\/uudised\/?p=29985"},"modified":"2012-10-23T11:24:06","modified_gmt":"2012-10-23T08:24:06","slug":"tartu-ulikooli-fuusika-instituudi-direktorikandidaatide-debatt-vastab-vaino-sammelselg","status":"publish","type":"post","link":"https:\/\/www.fyysika.ee\/?p=29985","title":{"rendered":"Tartu \u00dclikooli F\u00fc\u00fcsika Instituudi direktorikandidaatide debatt: vastab V\u00e4ino Sammelselg"},"content":{"rendered":"<p><strong>K\u00e4esoleva oktoobri l\u00f5pus valitakse Tartu \u00dclikooli F\u00fc\u00fcsika Instituudile uus direktor. Praeguse direktori kohuset\u00e4itja Toomas Planki positsioonile kandideerivad korrastamata s\u00fcteemide f\u00fc\u00fcsika professor Jaak Kikas, Tartu \u00dclikooli loodus- ja tehnoloogiateaduskonna (LOTE) \u00f5ppeprodekaan Mart Noorma ning anorgaanilise keemia professor V\u00e4ino Sammelselg. EFS (Eesti F\u00fc\u00fcsika Selts) F\u00fc\u00fcsika\u00fcli\u00f5pilaste Selts ja Fyysika.ee portaal panid pead kokku ja esitasid direktorikandidaatidele debati vormis k\u00fcsimused. Nendele vastab e-kirja vahendusel <strong>anorgaanilise keemia professor V\u00e4ino Sammelselg.<\/strong><\/strong><\/p>\n<div id=\"attachment_29986\" style=\"width: 330px\" class=\"wp-caption alignleft\"><a href=\"http:\/\/www.fyysika.ee\/uudised\/wp-content\/uploads\/2012\/10\/sammelselg.jpg\"><img loading=\"lazy\" decoding=\"async\" aria-describedby=\"caption-attachment-29986\" class=\"size-full wp-image-29986\" src=\"http:\/\/www.fyysika.ee\/uudised\/wp-content\/uploads\/2012\/10\/sammelselg.jpg\" alt=\"\" width=\"320\" height=\"480\" srcset=\"https:\/\/www.fyysika.ee\/wp-content\/uploads\/2012\/10\/sammelselg.jpg 400w, https:\/\/www.fyysika.ee\/wp-content\/uploads\/2012\/10\/sammelselg-200x300.jpg 200w, https:\/\/www.fyysika.ee\/wp-content\/uploads\/2012\/10\/sammelselg-250x375.jpg 250w\" sizes=\"auto, (max-width: 320px) 100vw, 320px\" \/><\/a><p id=\"caption-attachment-29986\" class=\"wp-caption-text\">V\u00e4ino Sammelselg, allikas Eesti Teadusinfos\u00fcsteem.<\/p><\/div>\n<p><strong>1) <\/strong><strong>M\u00f6\u00f6dunud suvi oli jahe, s\u00fcgis s\u00e4tib praegu talve. Kas j\u00e4rgmisel aastal tuleb kevad teisiti?<\/strong><\/p>\n<p>Kindlasti v\u00f5ib m\u00f5nele noorele inimesele tulla j\u00e4rgmine kevad eriline, n\u00e4iteks isiklikus plaanis. Kas ka instituudile? V\u00f5ib-olla, kuigi kaldun arvama, et \u00fclej\u00e4rgmine kevad tuleb erilisem \u2013 valmistume kolima uude hoonesse.<\/p>\n<p><strong>2) <\/strong><strong>1946. aastal loodi Eesti NSV Teaduste Akadeemia F\u00fc\u00fcsika, Matemaatika ja Mehaanika Instituut. Tuleval aastal saab n\u00fc\u00fcdseks nime muutnud asutus 67 aastaseks.\u00a0 Vaadates l\u00e4himinevikku, mida tuleks Teie arvates F\u00fc\u00fcsika Instituudi juures muuta?<\/strong><\/p>\n<p>Kuigi instituut hakkab l\u00e4henema Eesti mehe keskmisele elueale, on teda vara veel maha kanda! Hoopis vastupidi, v\u00f5rreldes k\u00fcmnekonna aasta taguse ajaga paistab eluj\u00f5udu juurde tulnud olevat \u2013 noori inimesi liigub instituudis r\u00f5\u00f5mustavalt palju.<\/p>\n<p>Kui midagi kriitilist \u00fctelda, siis mulle tundub, et t\u00f5sist f\u00fc\u00fcsikat on instituudis j\u00e4rjest v\u00e4hem n\u00e4ha, eriti eksperimentaalf\u00fc\u00fcsika osas. Ja mulle on arusaamatu, miks f\u00fc\u00fcsika nime all \u00f5petatakse nanotehnoloogiat (kuulub tehnikateaduste alla) ning k\u00f5rgtehnoloogilist f\u00fc\u00fcsikat (veel k\u00f5rgem tehnikateadus?), samas pole eriala ega loenguts\u00fckleid nanof\u00fc\u00fcsikast, mis seletaks lahti nanotehnoloogiliste rakenduste f\u00fc\u00fcsikalisi aluseid.<\/p>\n<p><strong>3) <\/strong><strong>F\u00fc\u00fcsikatudengid leiavad, et varasemalt ei ole Instituudi laborid tudengitega suhtlemise osas erilist huvi \u00fcles n\u00e4idanud. Selts loodab, et laborid muutuvad senisest ekstravertsemaks. On sel lootusel tulevikku?<\/strong><\/p>\n<p>P\u00e4riselt ei ole n\u00f5us: esmakursuslastele tutvustatkse laboreid, instituudi kodulehelt leiab pakutavate uurimist\u00f6\u00f6de teemasid bakalaureuse ja magistriastmele, samast leiab infot laborite kohta. Kindlasti saab midagi paremini teha, n\u00e4iteks vajab instituudi koduleht kapitaalremonti, laborite kodulehtedel v\u00f5iks olla operatiivset infot tudengitele jne., kuid ootaks ka tudengite ettepanekuid ning suuremat aktiivsust.<\/p>\n<p><strong>4) <\/strong><strong>Kas teie arvates on teadusr\u00fchmade- ja asutuste vaheline koost\u00f6\u00f6 praegu piisav, v\u00f5i n\u00e4ete selles k\u00f5rvaldamisk\u00fcpseid takistusi?<\/strong><\/p>\n<p>Koost\u00f6\u00f6d pole kunagi liiga palju, kuid sageli on teadusr\u00fchmad ja -asutused ka \u00fcksteisele konkurendid, ja kui konkurents on v\u00e4\u00e4rikas, on see samuti positiivne. Samas tuleb juhtidel m\u00f5nikord teha ka v\u00e4iksemaid v\u00f5i suuremaid \u00fcmberkorraldusi.<\/p>\n<p><strong>5) <\/strong><strong>F\u00fc\u00fcsika\u00fcli\u00f5pilaste Seltsi kogemused n\u00e4itavad, et uute \u00f5ppej\u00f5udude leidmine on keeruline \u00fclesanne. Millised on direktorikandidaadi sihid f\u00fc\u00fcsika programmijuhtide toetamiseks \u00f5ppekavade arendamisel ja noorte aktiivsete \u00f5ppej\u00f5udude otsimisel v\u00f5i valimisel?<\/strong><\/p>\n<p>Siin on probleeme, kuid olen arvamusel, et suuremalt jaolt peame oma \u00f5ppej\u00f5ud koolitama ise. Pooldan rohkem profesionaalseid \u00f5ppej\u00f5ude, kui nn. teise t\u00f6\u00f6 k\u00f5rvalt \u00f5ppet\u00f6\u00f6 tegijaid. Kindlasti peaks instituudi uus juhtkond p\u00f6\u00f6rama suuremat t\u00e4helepanu \u00f5ppet\u00f6\u00f6 juhtimise k\u00f5igi l\u00fclide: \u00f5ppeala asedirektor-programmijuhid-\u00f5ppej\u00f5ud koost\u00f6\u00f6le ja tagasisidele.<\/p>\n<p><strong>6) <\/strong><strong>Meie teaduskorralduse t\u00f5ttu on t\u00f6\u00f6r\u00fchmad surutud tihedasse rahalisse konkurentsi. Ressursid on piiratud ning neid jagub vaid tippudele. Kuidas v\u00e4ltida seejuures teaduse v\u00e4ljasuremist ning soodustada akadeemilise vabaduse mahtumist piiratud ressurssidega teadusrahastuss\u00fcsteemi?<\/strong><\/p>\n<p>Siin on t\u00f5epoolest viimasel ajal tunda suundumist vahendite tsentraliseerimise poole, ja seda ka HTM tasemel (<em>Haridus- ja Teadusministeerium &#8211; toim<\/em>). Loodan siiski, et akadeemilised liidrid peavad lugu ka akadeemilisest vabadusest ning soosivad v\u00f5imaluse piires loomingulist tegutsemist laborites. Loomulikult peab ka iga t\u00f5sine teadlane p\u00fc\u00fcdma leida oma ideedele toetust ja vahendeid \u2013 nii asutuse seest kui v\u00e4ljast, nii riigi seest kui v\u00e4ljast.<\/p>\n<p><strong>7) <\/strong><strong>Foucault\u2019 pendli trajektoor uues f\u00fc\u00fcsikahoones j\u00e4\u00e4b ilmselt samaks. K\u00fcll aga muutub osade \u00fcli\u00f5pilaste jaoks kodust kooli liikumise teekond. Miks mitte ehitada Maarjam\u00f5isa v\u00e4ljale loodusteadlaste \u00fchiselamu? Tekiks t\u00f5eline \u00fclikoolilinnak, milles oleks hea \u00f5ppida ning teadust teha. Antiik-Kreeka k\u00f5rgema \u00f5ppeasutuse <em>gymnasion<\/em> stiilis jalutuspark v\u00f5imaldaks tulevastel teadlastel v\u00e4rskes \u00f5hus akadeemilises vaimus tarkust jagada. Mida arvate ning loodate Teie Tartu Maarjam\u00f5isa v\u00e4ljale loodava teaduskompleksi tulevikust?<\/strong><\/p>\n<p>Foucalt pendli suhtes pole ma p\u00e4ris kindel, kas see leiab omale koha instituudi uues hoones, kuid Maarjam\u00f5isa v\u00e4ljale tudengikodu ehitamise idee on kidlasti seda v\u00e4\u00e4rt, et uus instituudi direktor peaks seda toetama. Tean, et selleks vahendite eraldamine ei s\u00f5ltu eriti instituudi direktorist. Kuid LOTE ja arstiteaduskonna \u00fchistegevus tuleks siin kindlasti kasuks.<\/p>\n<p><strong>8 ) Kuidas end enne direktorivalimisi vormis hoiate?<\/strong><\/p>\n<p>Olen aastaid teinud tervisesporti, k.a. hommikuv\u00f5imlemine \u2013 tudeng, kuidas on lood sinuga?!<\/p>\n","protected":false},"excerpt":{"rendered":"<p>K\u00e4esoleva oktoobri l\u00f5pus valitakse Tartu \u00dclikooli F\u00fc\u00fcsika Instituudile uus direktor. Praeguse direktori kohuset\u00e4itja Toomas Planki positsioonile kandideerivad korrastamata s\u00fcteemide f\u00fc\u00fcsika professor Jaak Kikas, Tartu \u00dclikooli loodus- ja tehnoloogiateaduskonna (LOTE) \u00f5ppeprodekaan Mart Noorma ning anorgaanilise keemia professor V\u00e4ino Sammelselg. EFS (Eesti F\u00fc\u00fcsika Selts) F\u00fc\u00fcsika\u00fcli\u00f5pilaste Selts ja Fyysika.ee portaal panid pead kokku ja esitasid direktorikandidaatidele debati vormis [&hellip;]<\/p>\n","protected":false},"author":449,"featured_media":29986,"comment_status":"open","ping_status":"closed","sticky":false,"template":"","format":"standard","meta":{"_genesis_hide_title":false,"_genesis_hide_breadcrumbs":false,"_genesis_hide_singular_image":false,"_genesis_hide_footer_widgets":false,"_genesis_custom_body_class":"","_genesis_custom_post_class":"","_genesis_layout":"","footnotes":""},"categories":[35,26],"tags":[],"class_list":{"0":"post-29985","1":"post","2":"type-post","3":"status-publish","4":"format-standard","5":"has-post-thumbnail","7":"category-arvamus-ja-inimesed","8":"category-persoon","9":"entry"},"_links":{"self":[{"href":"https:\/\/www.fyysika.ee\/index.php?rest_route=\/wp\/v2\/posts\/29985","targetHints":{"allow":["GET"]}}],"collection":[{"href":"https:\/\/www.fyysika.ee\/index.php?rest_route=\/wp\/v2\/posts"}],"about":[{"href":"https:\/\/www.fyysika.ee\/index.php?rest_route=\/wp\/v2\/types\/post"}],"author":[{"embeddable":true,"href":"https:\/\/www.fyysika.ee\/index.php?rest_route=\/wp\/v2\/users\/449"}],"replies":[{"embeddable":true,"href":"https:\/\/www.fyysika.ee\/index.php?rest_route=%2Fwp%2Fv2%2Fcomments&post=29985"}],"version-history":[{"count":0,"href":"https:\/\/www.fyysika.ee\/index.php?rest_route=\/wp\/v2\/posts\/29985\/revisions"}],"wp:featuredmedia":[{"embeddable":true,"href":"https:\/\/www.fyysika.ee\/index.php?rest_route=\/wp\/v2\/media\/29986"}],"wp:attachment":[{"href":"https:\/\/www.fyysika.ee\/index.php?rest_route=%2Fwp%2Fv2%2Fmedia&parent=29985"}],"wp:term":[{"taxonomy":"category","embeddable":true,"href":"https:\/\/www.fyysika.ee\/index.php?rest_route=%2Fwp%2Fv2%2Fcategories&post=29985"},{"taxonomy":"post_tag","embeddable":true,"href":"https:\/\/www.fyysika.ee\/index.php?rest_route=%2Fwp%2Fv2%2Ftags&post=29985"}],"curies":[{"name":"wp","href":"https:\/\/api.w.org\/{rel}","templated":true}]}}