{"id":30169,"date":"2012-10-31T23:57:30","date_gmt":"2012-10-31T20:57:30","guid":{"rendered":"http:\/\/www.fyysika.ee\/uudised\/?p=30169"},"modified":"2012-11-01T00:03:55","modified_gmt":"2012-10-31T21:03:55","slug":"toimus-tappisteaduste-sugiskool","status":"publish","type":"post","link":"https:\/\/www.fyysika.ee\/?p=30169","title":{"rendered":"Toimus T\u00e4ppisteaduste S\u00fcgiskool"},"content":{"rendered":"<div><strong>26. \u2013 28. oktoobril toimus J\u00f5gevamaal Voorel j\u00e4rjekorras \u00fcheksas Eesti F\u00fc\u00fcsika Seltsi ja doktorikooli &#8220;Funktsionaalsed materjalid ja tehnoloogiad&#8221; T\u00e4ppisteaduste S\u00fcgiskool 2012. \u00dcle Eesti f\u00fc\u00fcsikahuvilisi kokku toonud \u00fcrituse eesm\u00e4rgiks oli sel korral auditooriumile pakkuda v\u00f5imalikult laia spektriga loenguid. Hea tava kohaselt toimus samal ajal ning samas kohas, ent maja teisel korrusel tudengisatelliidi ESTCube rahvusvaheline t\u00f6\u00f6r\u00fchmade kokkutulek.<\/strong><\/div>\n<div>\n<div id=\"attachment_30170\" style=\"width: 490px\" class=\"wp-caption alignleft\"><a href=\"http:\/\/www.fyysika.ee\/uudised\/wp-content\/uploads\/2012\/10\/sygiskool.jpg\"><img loading=\"lazy\" decoding=\"async\" aria-describedby=\"caption-attachment-30170\" class=\"size-full wp-image-30170 \" src=\"http:\/\/www.fyysika.ee\/uudised\/wp-content\/uploads\/2012\/10\/sygiskool.jpg\" alt=\"\" width=\"480\" height=\"320\" srcset=\"https:\/\/www.fyysika.ee\/wp-content\/uploads\/2012\/10\/sygiskool.jpg 800w, https:\/\/www.fyysika.ee\/wp-content\/uploads\/2012\/10\/sygiskool-300x199.jpg 300w, https:\/\/www.fyysika.ee\/wp-content\/uploads\/2012\/10\/sygiskool-250x166.jpg 250w\" sizes=\"auto, (max-width: 480px) 100vw, 480px\" \/><\/a><p id=\"caption-attachment-30170\" class=\"wp-caption-text\">2012. aasta S\u00fcgiskooli rahvas.<\/p><\/div>\n<p>Kolm p\u00e4eva kestnud \u00fcrituse raames said tudengid kuulda loenguid alustades solitonidest l\u00f5petades t\u00f5lketeooriaga. Teadmiseks lugejale: soliton on isegenereeriv mittelineaarne laine, mis s\u00e4ilitab t\u00e4nu dispersiivsetele ning mittelineaarsete omaduste koosm\u00f5jule ruumis levides kiiruse ning kuju. Ideaalsel juhul on selle laine energia j\u00e4\u00e4v.<\/p>\n<\/div>\n<div>T\u00e4pne \u00fcrituse ajakava asub <a href=\"http:\/\/www.fyysika.ee\/fyysika\/nofy\/\">siin<\/a>. Sel aastal korraldasid S\u00fcgiskooli esimest korda EFS F\u00fc\u00fcsika\u00fcli\u00f5pilaste Setsi liikmed. \u201e\u00dcritus l\u00e4ks korda. Inimesed kaduma ei l\u00e4inud ja loengud said peetud. Rahulolu n\u00e4itas ka osalejate tagasiside. J\u00e4rgmisel aastal on ilmselt plaanis p\u00fchendada s\u00fcgiskool mingile kindlale teemale. \u00dcheksanda s\u00fcgiskooli \u00fcheks toredamaks m\u00e4lestuseks talletus laup\u00e4eva \u00f5htut sisustanud rohkete osav\u00f5tjatega m\u00e4lum\u00e4ng. Ise\u00e4ranis j\u00e4i meelde k\u00fcsimus esimesest WWW (World Wide Web) keskkonda \u00fcles laetud pildist, mis oli \u00fcks CERN-is formeeritud b\u00e4ndi foto,\u201c kirjeldas s\u00fcgiskooli korraldajaliige ja f\u00fc\u00fcsikatudeng Agnes Vask. \u00d5htuti kohtuti saunas ning vahetati loodusteaduslikke teadmisi.<\/div>\n<div>ESTCube meeskonna liikme Jaanus Kalde s\u00f5nul on plaanis ligikaudu 10 cm3 suurune p\u00e4ikesepurje, kaamera ja tihedalt elektroonikat t\u00e4is pakitud satelliit orbiidile saata tuleva aasta m\u00e4rtsis. Protot\u00fc\u00fcpi veel ette n\u00e4idata ei ole, ent see peab valmis saama \u00fcsna pea. \u201eDetsembri keskpaigaks v\u00f5etakse meil asi k\u00e4est, selleks ajaks peab satelliit valmis olema. See on viimane v\u00f5imalus, t\u00f6\u00f6d on palju,\u201c kommenteeris arvutitehnikat \u00f5ppiv Jaanus.<\/div>\n<div>Kohtumiseni j\u00e4rgmisel aastal!<\/div>\n","protected":false},"excerpt":{"rendered":"<p>26. \u2013 28. oktoobril toimus J\u00f5gevamaal Voorel j\u00e4rjekorras \u00fcheksas Eesti F\u00fc\u00fcsika Seltsi ja doktorikooli &#8220;Funktsionaalsed materjalid ja tehnoloogiad&#8221; T\u00e4ppisteaduste S\u00fcgiskool 2012. \u00dcle Eesti f\u00fc\u00fcsikahuvilisi kokku toonud \u00fcrituse eesm\u00e4rgiks oli sel korral auditooriumile pakkuda v\u00f5imalikult laia spektriga loenguid. Hea tava kohaselt toimus samal ajal ning samas kohas, ent maja teisel korrusel tudengisatelliidi ESTCube rahvusvaheline t\u00f6\u00f6r\u00fchmade kokkutulek. [&hellip;]<\/p>\n","protected":false},"author":449,"featured_media":30170,"comment_status":"open","ping_status":"closed","sticky":false,"template":"","format":"standard","meta":{"_genesis_hide_title":false,"_genesis_hide_breadcrumbs":false,"_genesis_hide_singular_image":false,"_genesis_hide_footer_widgets":false,"_genesis_custom_body_class":"","_genesis_custom_post_class":"","_genesis_layout":"","footnotes":""},"categories":[37],"tags":[],"class_list":{"0":"post-30169","1":"post","2":"type-post","3":"status-publish","4":"format-standard","5":"has-post-thumbnail","7":"category-eestist-endast","8":"entry"},"_links":{"self":[{"href":"https:\/\/www.fyysika.ee\/index.php?rest_route=\/wp\/v2\/posts\/30169","targetHints":{"allow":["GET"]}}],"collection":[{"href":"https:\/\/www.fyysika.ee\/index.php?rest_route=\/wp\/v2\/posts"}],"about":[{"href":"https:\/\/www.fyysika.ee\/index.php?rest_route=\/wp\/v2\/types\/post"}],"author":[{"embeddable":true,"href":"https:\/\/www.fyysika.ee\/index.php?rest_route=\/wp\/v2\/users\/449"}],"replies":[{"embeddable":true,"href":"https:\/\/www.fyysika.ee\/index.php?rest_route=%2Fwp%2Fv2%2Fcomments&post=30169"}],"version-history":[{"count":0,"href":"https:\/\/www.fyysika.ee\/index.php?rest_route=\/wp\/v2\/posts\/30169\/revisions"}],"wp:featuredmedia":[{"embeddable":true,"href":"https:\/\/www.fyysika.ee\/index.php?rest_route=\/wp\/v2\/media\/30170"}],"wp:attachment":[{"href":"https:\/\/www.fyysika.ee\/index.php?rest_route=%2Fwp%2Fv2%2Fmedia&parent=30169"}],"wp:term":[{"taxonomy":"category","embeddable":true,"href":"https:\/\/www.fyysika.ee\/index.php?rest_route=%2Fwp%2Fv2%2Fcategories&post=30169"},{"taxonomy":"post_tag","embeddable":true,"href":"https:\/\/www.fyysika.ee\/index.php?rest_route=%2Fwp%2Fv2%2Ftags&post=30169"}],"curies":[{"name":"wp","href":"https:\/\/api.w.org\/{rel}","templated":true}]}}