{"id":32287,"date":"2013-03-23T20:01:10","date_gmt":"2013-03-23T17:01:10","guid":{"rendered":"http:\/\/www.fyysika.ee\/uudised\/?p=32287"},"modified":"2013-03-23T23:02:33","modified_gmt":"2013-03-23T20:02:33","slug":"moodus-efs-xliii-eesti-fuusikapaev","status":"publish","type":"post","link":"https:\/\/www.fyysika.ee\/?p=32287","title":{"rendered":"M\u00f6\u00f6dus EFS XLIII Eesti f\u00fc\u00fcsikap\u00e4ev"},"content":{"rendered":"<p style=\"text-align: left\"><strong>21. m\u00e4rtsi hommikul kell \u00fcheksa v\u00e4ljus Tartus Vanemuise alumisest parklast buss Eesti F\u00fc\u00fcsika Seltsi (EFS) liikmete, f\u00fc\u00fcsika\u00f5petajate, tudengite ja f\u00fc\u00fcsikahuvilistega. K\u00fclma kevadp\u00e4eva eest masinas varju leidnud seltskond asus teele T\u00f5ravere observatooriumi. Kell k\u00fcmme algasid XLIII Eesti f\u00fc\u00fcsikap\u00e4evad ja XXXV f\u00fc\u00fcsika\u00f5petajate p\u00e4evad.<\/strong><\/p>\n<p style=\"text-align: left\">Toimekale p\u00e4evale l\u00fckkasid hoo sisse EFS t\u00f6\u00f6r\u00fchmade esindajad, nende hulgas ka fyysika.ee uudisteportaali toimetus ning Teadusbussi tegijad, kes selgitasid viimase aasta suuremaid tegusid. Jagati ka preemiaid. EFS aastapreemia p\u00e4lvis 15.-24. juulil Tartus ja Tallinnas toimunud rahvusvahelise f\u00fc\u00fcsikaol\u00fcmpiaadi (IPhO) korraldusmeeskond. Preemia v\u00f5tsid \u00fcle Tartu \u00dclikooli F\u00fc\u00fcsika Instituudi direktor prof. Jaak Kikas ning Tallinna Tehnika\u00fclikooli K\u00fcberneetika Instituudi vanemteadur Jaan Kalda.Kikase s\u00f5nul sai ol\u00fcmpiaadi korraldusmeekond \u00fclesandega h\u00e4sti hakkama, tagasiside oli valdavalt positiivne. Seda enam, et nii m\u00f5nigi nimekas riik on korraldamisn\u00f5usolekust pidanud \u00e4ra \u00fctlema v\u00f5i ettev\u00f5tmisega sootuks l\u00e4bi kukkunud. Tudengistipendiumi p\u00e4lvisid Morten Piibeleht (T\u00dc), Joosep Pata (T\u00dc) ning Jakob J\u00f5gi (T\u00dc).<\/p>\n<div class=\"mceTemp mceIEcenter\" style=\"text-align: left\">\n<dl>\n<dt><a href=\"http:\/\/www.fyysika.ee\/uudised\/wp-content\/uploads\/2013\/03\/aastapreemia.jpg\"><img loading=\"lazy\" decoding=\"async\" class=\"size-full wp-image-32295 \" src=\"http:\/\/www.fyysika.ee\/uudised\/wp-content\/uploads\/2013\/03\/aastapreemia.jpg\" alt=\"\" width=\"600\" height=\"400\" srcset=\"https:\/\/www.fyysika.ee\/wp-content\/uploads\/2013\/03\/aastapreemia.jpg 600w, https:\/\/www.fyysika.ee\/wp-content\/uploads\/2013\/03\/aastapreemia-300x200.jpg 300w, https:\/\/www.fyysika.ee\/wp-content\/uploads\/2013\/03\/aastapreemia-250x166.jpg 250w\" sizes=\"auto, (max-width: 600px) 100vw, 600px\" \/><\/a><\/dt>\n<dd>EFS aastapreemia \u00fcleandmine. Vasakult: Kaido Reivelt, Jaak Kikas ja Jaan Kalda.<\/dd>\n<\/dl>\n<\/div>\n<p style=\"text-align: left\">Sel aastal ilmus Eesti F\u00fc\u00fcsika Seltsi aastaraamat paberkandjal viimast korda. Sestap otsutas seltsi juhatus raamatuid kirjutanud kolleegiumi, \u00a0Piret Kuuske, Anna Aretit ja Helle Kaasikut premeerida e-lugeritega.<\/p>\n<p style=\"text-align: left\">Einetele ning kohvile lisasid sisu temaatilised ettekanded. Mihkel Kree r\u00e4\u00e4kis 2012. aasta f\u00fc\u00fcsika Nobeli preemiast. Selle p\u00e4lvisid Serge Haroche ning David J. Wineland \u201emurranguliste katsemeetodite eest, mis v\u00f5imaldavad m\u00f5\u00f5ta ja m\u00f5jutada \u00fcksikuid kvants\u00fcsteeme.\u201c Tiina Liimets k\u00f5neles supernoova GK Persei plahvatusest, Elmo Tempel Universumi kaardistamisest ning tumeaine tuvastamisest ja Joel Kuusk kaugseire arengutest. Mart Noorma t\u00e4psustas oma ettekandes, et ESTCube-1 stardib 19. aprillil ning selgitas Eesti kosmoseprogrammi sihte ja tegemisi. Ettekandeid oli igale f\u00fc\u00fcsikamaitsele. Nende t\u00e4psem loetelu asub <a href=\"http:\/\/fyysika.ee\/fyysika\/fp\/\">siin<\/a>.<\/p>\n<div class=\"mceTemp mceIEcenter\" style=\"text-align: left\">\n<dl>\n<dt><a href=\"http:\/\/www.fyysika.ee\/uudised\/wp-content\/uploads\/2013\/03\/morten.jpg\"><img loading=\"lazy\" decoding=\"async\" class=\"size-full wp-image-32298 \" src=\"http:\/\/www.fyysika.ee\/uudised\/wp-content\/uploads\/2013\/03\/morten.jpg\" alt=\"\" width=\"560\" height=\"328\" srcset=\"https:\/\/www.fyysika.ee\/wp-content\/uploads\/2013\/03\/morten.jpg 700w, https:\/\/www.fyysika.ee\/wp-content\/uploads\/2013\/03\/morten-300x175.jpg 300w, https:\/\/www.fyysika.ee\/wp-content\/uploads\/2013\/03\/morten-250x146.jpg 250w\" sizes=\"auto, (max-width: 560px) 100vw, 560px\" \/><\/a><\/dt>\n<dd>\u00d5htu v\u00f5ttis kokku EFS stipendiaat Morten Piibeleht.<\/dd>\n<\/dl>\n<\/div>\n<p style=\"text-align: left\">Oli meeldiv t\u00f5deda, et pooled kohalolnutest olid tudengid. \u00d5htusel EFS \u00fcldkogul sai \u00fcksmeelse kinnituse Eesti F\u00fc\u00fcsika\u00fcli\u00f5pilaste Seltsi (F\u00dcS) p\u00f5hikiri. Lisaks valiti EFS juhatusse teise aasta f\u00fc\u00fcsikatudeng ja F\u00dcS metoriprogrammi koordinaator Madis Ollikainen. T\u00f5usis EFS liikmemaks.<\/p>\n<p style=\"text-align: left\">\u00d5htuses arutelus f\u00fc\u00fcsika\u00f5ppe kvaliteedist ja olemusest osalesid nii \u00f5ppej\u00f5ud, professorid kui tudengid. Oli n\u00e4ha, et tudengite muresid ning ettepanekuid v\u00f5eti k\u00f5rgemate instantside poolt t\u00f5siselt kuulda ning \u00f6eldi omaltki poolt soovitusi. J\u00e4rgmistel aastatel f\u00fc\u00fcsikat \u00f5ppima asuvad tudengid saavad loodetavasti parema hariduse. Teadatuntud probleemiks on f\u00fc\u00fcsika esmakursuslaste k\u00f5rge v\u00e4ljalangevuse tase. Esimesed t\u00f5sisemad sammud selle parandamiseks on juba astutud. EFS presidendi Kaido Reivelti s\u00f5nul on teada, et \u00fcsna pea j\u00f5ustatakse Tartu \u00dclikoolis f\u00fc\u00fcsika erialale sisseastumiskatsed. Veel sai tunnustust idee, et senisest enam tuleks f\u00fc\u00fcsika\u00f5ppes kaalu anda kohustuslikele baaskursustele, mis looksid tudengis tugeva f\u00fc\u00fcsikalise maailmapildi. Eeskujudeks toodi mitmeid v\u00e4lismaa paremaid \u00f5ppeasutusi, n\u00e4iteks Stanfordi \u00dclikooli. J\u00e4rgmisel aastal on m\u00f6\u00f6dunud m\u00f5ttet\u00f6\u00f6 tulemused \u00f5hus ning tekib v\u00f5imalus need taaskordsetel f\u00fc\u00fcsikap\u00e4evadel kahe jalaga maa peale tuua.<\/p>\n<p style=\"text-align: left\">Fotod: Uku P\u00fcttsepp<\/p>\n","protected":false},"excerpt":{"rendered":"<p>21. m\u00e4rtsi hommikul kell \u00fcheksa v\u00e4ljus Tartus Vanemuise alumisest parklast buss Eesti F\u00fc\u00fcsika Seltsi (EFS) liikmete, f\u00fc\u00fcsika\u00f5petajate, tudengite ja f\u00fc\u00fcsikahuvilistega. K\u00fclma kevadp\u00e4eva eest masinas varju leidnud seltskond asus teele T\u00f5ravere observatooriumi. Kell k\u00fcmme algasid XLIII Eesti f\u00fc\u00fcsikap\u00e4evad ja XXXV f\u00fc\u00fcsika\u00f5petajate p\u00e4evad. Toimekale p\u00e4evale l\u00fckkasid hoo sisse EFS t\u00f6\u00f6r\u00fchmade esindajad, nende hulgas ka fyysika.ee uudisteportaali toimetus [&hellip;]<\/p>\n","protected":false},"author":449,"featured_media":32298,"comment_status":"open","ping_status":"closed","sticky":false,"template":"","format":"standard","meta":{"_genesis_hide_title":false,"_genesis_hide_breadcrumbs":false,"_genesis_hide_singular_image":false,"_genesis_hide_footer_widgets":false,"_genesis_custom_body_class":"","_genesis_custom_post_class":"","_genesis_layout":"","footnotes":""},"categories":[37],"tags":[],"class_list":{"0":"post-32287","1":"post","2":"type-post","3":"status-publish","4":"format-standard","5":"has-post-thumbnail","7":"category-eestist-endast","8":"entry"},"_links":{"self":[{"href":"https:\/\/www.fyysika.ee\/index.php?rest_route=\/wp\/v2\/posts\/32287","targetHints":{"allow":["GET"]}}],"collection":[{"href":"https:\/\/www.fyysika.ee\/index.php?rest_route=\/wp\/v2\/posts"}],"about":[{"href":"https:\/\/www.fyysika.ee\/index.php?rest_route=\/wp\/v2\/types\/post"}],"author":[{"embeddable":true,"href":"https:\/\/www.fyysika.ee\/index.php?rest_route=\/wp\/v2\/users\/449"}],"replies":[{"embeddable":true,"href":"https:\/\/www.fyysika.ee\/index.php?rest_route=%2Fwp%2Fv2%2Fcomments&post=32287"}],"version-history":[{"count":0,"href":"https:\/\/www.fyysika.ee\/index.php?rest_route=\/wp\/v2\/posts\/32287\/revisions"}],"wp:featuredmedia":[{"embeddable":true,"href":"https:\/\/www.fyysika.ee\/index.php?rest_route=\/wp\/v2\/media\/32298"}],"wp:attachment":[{"href":"https:\/\/www.fyysika.ee\/index.php?rest_route=%2Fwp%2Fv2%2Fmedia&parent=32287"}],"wp:term":[{"taxonomy":"category","embeddable":true,"href":"https:\/\/www.fyysika.ee\/index.php?rest_route=%2Fwp%2Fv2%2Fcategories&post=32287"},{"taxonomy":"post_tag","embeddable":true,"href":"https:\/\/www.fyysika.ee\/index.php?rest_route=%2Fwp%2Fv2%2Ftags&post=32287"}],"curies":[{"name":"wp","href":"https:\/\/api.w.org\/{rel}","templated":true}]}}