{"id":36200,"date":"2014-01-17T22:58:54","date_gmt":"2014-01-17T19:58:54","guid":{"rendered":"http:\/\/www.fyysika.ee\/uudised\/?p=36200"},"modified":"2015-03-04T23:55:53","modified_gmt":"2015-03-04T20:55:53","slug":"tudengid-kaisid-fuusikatunnis-ja-lahevad-edaspidigi","status":"publish","type":"post","link":"https:\/\/www.fyysika.ee\/?p=36200","title":{"rendered":"Eesti F\u00fc\u00fcsika\u00fcli\u00f5pilaste Selts saadab tudengid tagasi kooli"},"content":{"rendered":"<p><strong>Eesti F\u00fc\u00fcsika\u00fcli\u00f5pilaste Selts (F\u00dcS) alustas uut ettev\u00f5tmist \u201eTudeng f\u00fc\u00fcsikatundi\u201c, mille raames saadetakse tudengid g\u00fcmnaasiumide f\u00fc\u00fcsikatundidesse r\u00e4\u00e4kima f\u00fc\u00fcsikast ning selle etematest v\u00e4ljunditest. Esimesed tunnid anti 13.01.14. ja 15.01.14. Tartus Hugo Treffneri g\u00fcmnaasiumis.<\/strong><\/p>\n<p>Kokku andsid tudengid kuus tundi, mida said kuulata nii Treffneri humanitaar-, reaal- kui loodusharu \u00f5pilased. F\u00fc\u00fcsikaportaalil \u00f5nnestus kohal k\u00e4ia tunnis, mis algas kolmap\u00e4eval kell 13:00 klassis 135. Kuulajaiks 12d humanitaarklassi\u00a0 \u00f5pilased.<\/p>\n<p>Esimese tunnipoole sisustas f\u00fc\u00fcsikadoktorant Andreas Valdmann loenguga \u201eOptilised kiud \u2013 kuidas Internet meile koju j\u00f5uab?\u201c Varem Teadusbussist kogemusi ammutanud Andreas teadis, et haarava esinemise juurde kuuluvad katsed. Sestap n\u00e4itas ta loengu k\u00e4igus leegiheitja ning klaastoruga, kuidas k\u00e4ib klaaskiu t\u00f5mbamine. Laudadel liikus ringi muudki p\u00f5nevat. Selgusid optiliste kiudude t\u00e4htsamad rakendused ning arengusuunad.<\/p>\n<div id=\"attachment_36202\" style=\"width: 317px\" class=\"wp-caption alignleft\"><a href=\"http:\/\/www.fyysika.ee\/uudised\/wp-content\/uploads\/2014\/01\/agnes2.jpg\"><img loading=\"lazy\" decoding=\"async\" aria-describedby=\"caption-attachment-36202\" class=\"size-full wp-image-36202   \" title=\"agnes2\" src=\"http:\/\/www.fyysika.ee\/uudised\/wp-content\/uploads\/2014\/01\/agnes2.jpg\" alt=\"\" width=\"307\" height=\"230\" srcset=\"https:\/\/www.fyysika.ee\/wp-content\/uploads\/2014\/01\/agnes2.jpg 800w, https:\/\/www.fyysika.ee\/wp-content\/uploads\/2014\/01\/agnes2-300x225.jpg 300w, https:\/\/www.fyysika.ee\/wp-content\/uploads\/2014\/01\/agnes2-250x187.jpg 250w\" sizes=\"auto, (max-width: 307px) 100vw, 307px\" \/><\/a><p id=\"caption-attachment-36202\" class=\"wp-caption-text\">Agnes Vask juhatab sisse teemat Kvantarvutid.<\/p><\/div>\n<p>Tunni teises pooles andis f\u00fc\u00fcsika bakalaureusetudeng Agnes Vask \u00fclevaate kvantarvutitest ning nende eelistest v\u00f5rreldes tava- ehk transistorarvutitega. \u201dOlen t\u00e4itsa rahul aruteluga, mis tunni l\u00f5pus tekkis. Kindlasti pean ma tunni \u00fclesehituse \u00fcle m\u00f5tlema. See kippus lagunema. Tuleb enne tundi \u00f6elda, et \u00f5pilased kohe k\u00fcsiksid, kui nad millestki aru ei saa,\u201c muljetas Agnes.<\/p>\n<p>Esireas istunud abiturient Kaarel Juurma j\u00e4i rahule m\u00f5lema esitusega. \u201eMulle tund v\u00e4ga meeldis, sest m\u00f5lemad tudengid seletasid teemasid, mis kooliprogrammist eriti l\u00e4bi ei k\u00e4i. Koolif\u00fc\u00fcsika \u00f5petab v\u00e4ga erinevaid valdkondi, ent \u00fcldise \u00f5ppega ei pruugi f\u00fc\u00fcsika vastu huvi tekkida. Mina pooldan kahe k\u00e4ega, et sellised loengud toimuksid juba k\u00fcmnendas klassis. Ehk oleksin siis isegi rohkem f\u00fc\u00fcsikat \u00f5ppinud.\u201c<\/p>\n<p>Projektis osalevatel tudengitel on ette valmistatud kaheksa loengut, igal neist kindel esitaja. Nii tekib kogemusega vilumus. Need teemad on:<\/p>\n<p>1. \u201cGrafeen &#8211; tuleviku supermaterjal\u201d<br \/>\n2. \u201cKuidas asteroide kaevandada?\u201d<br \/>\n3. \u201cKvantarvutid\u201d<br \/>\n4. \u201cSuperkondensaatorid\u201d<br \/>\n5. \u201cOptilised kiud &#8211; kuidas Internet meile koju j\u00f5uab?\u201d<br \/>\n6. \u201cGalaktikate uurimine t\u00e4nap\u00e4eval\u201d<br \/>\n7. &#8220;Arvutusmeetodid aatomite ja molekulide f\u00fc\u00fcsikas&#8221;<br \/>\n8. &#8220;Kaos ja komplekss\u00fcsteemid&#8221;<\/p>\n<p>Projekti \u00fcks eestvedajaid, F\u00dcSi f\u00fc\u00fcsika populariseerimise t\u00f6\u00f6r\u00fchma liige Taavi Pungas, kes ka loengutes ise kohal k\u00e4is, \u00fctles oma arvamuse:\u201c\u00d5petajate suhtumine on olnud julgustav. Umbes pooled neist vastasid meile juba esimese kirja peale, et ootavad tundi k\u00fclla. Tundub, et ka \u00f5petajate arvates on \u00f5pilastele kasulik, kui nad n\u00e4evad m\u00f5nd noort inimest s\u00e4ravsilmi f\u00fc\u00fcsika p\u00f5nevatest tahkudest ja elulistest rakendustest r\u00e4\u00e4kimas. Meil on k\u00fcll juba hulga \u00f5petajatega kokkulepe olemas, aga m\u00f5ned koolid mahuksid kalendrisse k\u00fcll. Seega, kui keegi soovib meid oma tundi kutsuda, siis v\u00f5tke \u00fchendust aadressil fys@fyysika.ee ja lepime sobiva aja kokku.\u201c<\/p>\n<div id=\"attachment_36203\" style=\"width: 570px\" class=\"wp-caption aligncenter\"><a href=\"http:\/\/www.fyysika.ee\/uudised\/wp-content\/uploads\/2014\/01\/klass.jpg\"><img loading=\"lazy\" decoding=\"async\" aria-describedby=\"caption-attachment-36203\" class=\"size-full wp-image-36203 \" title=\"klass\" src=\"http:\/\/www.fyysika.ee\/uudised\/wp-content\/uploads\/2014\/01\/klass.jpg\" alt=\"\" width=\"560\" height=\"375\" srcset=\"https:\/\/www.fyysika.ee\/wp-content\/uploads\/2014\/01\/klass.jpg 800w, https:\/\/www.fyysika.ee\/wp-content\/uploads\/2014\/01\/klass-300x200.jpg 300w, https:\/\/www.fyysika.ee\/wp-content\/uploads\/2014\/01\/klass-250x167.jpg 250w\" sizes=\"auto, (max-width: 560px) 100vw, 560px\" \/><\/a><p id=\"caption-attachment-36203\" class=\"wp-caption-text\">Hugo Treffneri g\u00fcmnaasiumi 12d klass, Andreas Valdmann ning Agnes Vask<\/p><\/div>\n<p>J\u00f5udu tegijatele!<\/p>\n","protected":false},"excerpt":{"rendered":"<p>Eesti F\u00fc\u00fcsika\u00fcli\u00f5pilaste Selts (F\u00dcS) alustas uut ettev\u00f5tmist \u201eTudeng f\u00fc\u00fcsikatundi\u201c, mille raames saadetakse tudengid g\u00fcmnaasiumide f\u00fc\u00fcsikatundidesse r\u00e4\u00e4kima f\u00fc\u00fcsikast ning selle etematest v\u00e4ljunditest. Esimesed tunnid anti 13.01.14. ja 15.01.14. Tartus Hugo Treffneri g\u00fcmnaasiumis. Kokku andsid tudengid kuus tundi, mida said kuulata nii Treffneri humanitaar-, reaal- kui loodusharu \u00f5pilased. F\u00fc\u00fcsikaportaalil \u00f5nnestus kohal k\u00e4ia tunnis, mis algas kolmap\u00e4eval kell [&hellip;]<\/p>\n","protected":false},"author":449,"featured_media":36203,"comment_status":"open","ping_status":"closed","sticky":false,"template":"","format":"standard","meta":{"_genesis_hide_title":false,"_genesis_hide_breadcrumbs":false,"_genesis_hide_singular_image":false,"_genesis_hide_footer_widgets":false,"_genesis_custom_body_class":"","_genesis_custom_post_class":"","_genesis_layout":"","footnotes":""},"categories":[37,3],"tags":[],"class_list":{"0":"post-36200","1":"post","2":"type-post","3":"status-publish","4":"format-standard","5":"has-post-thumbnail","7":"category-eestist-endast","8":"category-opetamine","9":"entry"},"_links":{"self":[{"href":"https:\/\/www.fyysika.ee\/index.php?rest_route=\/wp\/v2\/posts\/36200","targetHints":{"allow":["GET"]}}],"collection":[{"href":"https:\/\/www.fyysika.ee\/index.php?rest_route=\/wp\/v2\/posts"}],"about":[{"href":"https:\/\/www.fyysika.ee\/index.php?rest_route=\/wp\/v2\/types\/post"}],"author":[{"embeddable":true,"href":"https:\/\/www.fyysika.ee\/index.php?rest_route=\/wp\/v2\/users\/449"}],"replies":[{"embeddable":true,"href":"https:\/\/www.fyysika.ee\/index.php?rest_route=%2Fwp%2Fv2%2Fcomments&post=36200"}],"version-history":[{"count":0,"href":"https:\/\/www.fyysika.ee\/index.php?rest_route=\/wp\/v2\/posts\/36200\/revisions"}],"wp:featuredmedia":[{"embeddable":true,"href":"https:\/\/www.fyysika.ee\/index.php?rest_route=\/wp\/v2\/media\/36203"}],"wp:attachment":[{"href":"https:\/\/www.fyysika.ee\/index.php?rest_route=%2Fwp%2Fv2%2Fmedia&parent=36200"}],"wp:term":[{"taxonomy":"category","embeddable":true,"href":"https:\/\/www.fyysika.ee\/index.php?rest_route=%2Fwp%2Fv2%2Fcategories&post=36200"},{"taxonomy":"post_tag","embeddable":true,"href":"https:\/\/www.fyysika.ee\/index.php?rest_route=%2Fwp%2Fv2%2Ftags&post=36200"}],"curies":[{"name":"wp","href":"https:\/\/api.w.org\/{rel}","templated":true}]}}