{"id":49244,"date":"2015-02-11T21:44:30","date_gmt":"2015-02-11T18:44:30","guid":{"rendered":"http:\/\/www.fyysika.ee\/?p=49244"},"modified":"2015-02-12T22:01:18","modified_gmt":"2015-02-12T19:01:18","slug":"madis-ollikainen-tanavune-tamkivi-reaalteaduste-fondi-stipendiaat","status":"publish","type":"post","link":"https:\/\/www.fyysika.ee\/?p=49244","title":{"rendered":"Madis Ollikainen: t\u00e4navune Tamkivi Reaalteaduste Fondi stipendiaat"},"content":{"rendered":"<p><a href=\"http:\/\/www.fyysika.ee\/wp-content\/uploads\/2015\/02\/MadisOllikainen-1024x716.jpg\"><img loading=\"lazy\" decoding=\"async\" class=\"alignleft size-medium wp-image-49245\" src=\"http:\/\/www.fyysika.ee\/wp-content\/uploads\/2015\/02\/MadisOllikainen-1024x716-300x210.jpg\" alt=\"MadisOllikainen-1024x716\" width=\"300\" height=\"210\" srcset=\"https:\/\/www.fyysika.ee\/wp-content\/uploads\/2015\/02\/MadisOllikainen-1024x716-300x210.jpg 300w, https:\/\/www.fyysika.ee\/wp-content\/uploads\/2015\/02\/MadisOllikainen-1024x716.jpg 1024w\" sizes=\"auto, (max-width: 300px) 100vw, 300px\" \/><\/a><\/p>\n<p>Madis Ollikainen erineb peaaegu k\u00f5iges veel hiljuti laialt levinud f\u00fc\u00fcsiku stereot\u00fc\u00fcbist. Ei, f\u00fc\u00fcsikud ei ole ujedad ja hajameelsed t\u00fc\u00fcbid, kes teavad k\u00fcll h\u00e4sti f\u00fc\u00fcsikat, aga muus elus on \u00fcsna saamatud. Seda k\u00fcll, et Madis teab ametile kohaselt f\u00fc\u00fcsikat, aga ta on ka aktiivne, sirge selja ja jutuga maailmakodanik.<\/p>\n<p>Eriti hea on t\u00f5deda, et ta ei ole kaugeltki ainuke viimaste aastak\u00e4ikude f\u00fc\u00fcsika \u00fcli\u00f5pilastest, kelle kohta seda \u00f6elda v\u00f5ib.<\/p>\n<p>Soovime edu, j\u00f5udu, j\u00e4tkuvat pealehakkamist.<\/p>\n<p>Loe asjakohast intervjuud <a href=\"http:\/\/tamkivi.org\/madis-ollikainen\/\">fondi kodulehelt<\/a>.<\/p>\n","protected":false},"excerpt":{"rendered":"<p>Madis Ollikainen erineb peaaegu k\u00f5iges veel hiljuti laialt levinud f\u00fc\u00fcsiku stereot\u00fc\u00fcbist. Ei, f\u00fc\u00fcsikud ei ole ujedad ja hajameelsed t\u00fc\u00fcbid, kes teavad k\u00fcll h\u00e4sti f\u00fc\u00fcsikat, aga muus elus on \u00fcsna saamatud. Seda k\u00fcll, et Madis teab ametile kohaselt f\u00fc\u00fcsikat, aga ta on ka aktiivne, sirge selja ja jutuga maailmakodanik. Eriti hea on t\u00f5deda, et ta ei [&hellip;]<\/p>\n","protected":false},"author":1,"featured_media":49245,"comment_status":"open","ping_status":"closed","sticky":false,"template":"","format":"standard","meta":{"_genesis_hide_title":false,"_genesis_hide_breadcrumbs":false,"_genesis_hide_singular_image":false,"_genesis_hide_footer_widgets":false,"_genesis_custom_body_class":"","_genesis_custom_post_class":"","_genesis_layout":"","footnotes":""},"categories":[37,26],"tags":[],"class_list":{"0":"post-49244","1":"post","2":"type-post","3":"status-publish","4":"format-standard","5":"has-post-thumbnail","7":"category-eestist-endast","8":"category-persoon","9":"entry"},"_links":{"self":[{"href":"https:\/\/www.fyysika.ee\/index.php?rest_route=\/wp\/v2\/posts\/49244","targetHints":{"allow":["GET"]}}],"collection":[{"href":"https:\/\/www.fyysika.ee\/index.php?rest_route=\/wp\/v2\/posts"}],"about":[{"href":"https:\/\/www.fyysika.ee\/index.php?rest_route=\/wp\/v2\/types\/post"}],"author":[{"embeddable":true,"href":"https:\/\/www.fyysika.ee\/index.php?rest_route=\/wp\/v2\/users\/1"}],"replies":[{"embeddable":true,"href":"https:\/\/www.fyysika.ee\/index.php?rest_route=%2Fwp%2Fv2%2Fcomments&post=49244"}],"version-history":[{"count":0,"href":"https:\/\/www.fyysika.ee\/index.php?rest_route=\/wp\/v2\/posts\/49244\/revisions"}],"wp:featuredmedia":[{"embeddable":true,"href":"https:\/\/www.fyysika.ee\/index.php?rest_route=\/wp\/v2\/media\/49245"}],"wp:attachment":[{"href":"https:\/\/www.fyysika.ee\/index.php?rest_route=%2Fwp%2Fv2%2Fmedia&parent=49244"}],"wp:term":[{"taxonomy":"category","embeddable":true,"href":"https:\/\/www.fyysika.ee\/index.php?rest_route=%2Fwp%2Fv2%2Fcategories&post=49244"},{"taxonomy":"post_tag","embeddable":true,"href":"https:\/\/www.fyysika.ee\/index.php?rest_route=%2Fwp%2Fv2%2Ftags&post=49244"}],"curies":[{"name":"wp","href":"https:\/\/api.w.org\/{rel}","templated":true}]}}