{"id":719220,"date":"2018-04-18T15:26:39","date_gmt":"2018-04-18T12:26:39","guid":{"rendered":"http:\/\/www.fyysika.ee\/?p=719220"},"modified":"2018-04-18T15:27:54","modified_gmt":"2018-04-18T12:27:54","slug":"rahvusvaheline-valguse-paev-tu-fuusikumis","status":"publish","type":"post","link":"https:\/\/www.fyysika.ee\/?p=719220","title":{"rendered":"Rahvusvaheline valguse p\u00e4ev T\u00dc F\u00fc\u00fcsikumis"},"content":{"rendered":"<p><img loading=\"lazy\" decoding=\"async\" class=\"alignleft size-medium wp-image-719214\" src=\"http:\/\/www.fyysika.ee\/wp-content\/uploads\/2018\/04\/Rahvusvaheline-valguse-p\u00e4ev-187x300.jpg\" alt=\"\" width=\"187\" height=\"300\" srcset=\"https:\/\/www.fyysika.ee\/wp-content\/uploads\/2018\/04\/Rahvusvaheline-valguse-p\u00e4ev-187x300.jpg 187w, https:\/\/www.fyysika.ee\/wp-content\/uploads\/2018\/04\/Rahvusvaheline-valguse-p\u00e4ev-768x1233.jpg 768w, https:\/\/www.fyysika.ee\/wp-content\/uploads\/2018\/04\/Rahvusvaheline-valguse-p\u00e4ev-638x1024.jpg 638w\" sizes=\"auto, (max-width: 187px) 100vw, 187px\" \/>16. mai on kuulutatud <strong>rahvusvaheliseks\u00a0valguse p\u00e4evaks<\/strong>. Sel puhul kutsume teaduse- ja tulevikuhuvilisi Tartu \u00dclikooli F\u00fc\u00fcsikumi (aadressil W.Ostwaldi tn.1, Tartus).<\/p>\n<p>R\u00e4\u00e4gime, seletame, katsetame, arutleme, n\u00e4itame, tutvustame, anname aru.<\/p>\n<p><a href=\"http:\/\/www.fyysika.ee\/?page_id=719189\">Vaata t\u00e4psemalt<\/a>!<\/p>\n<p>S\u00fcndmust toetab T\u00dc F\u00fc\u00fcsika Instituut.<\/p>\n","protected":false},"excerpt":{"rendered":"<p>16. mai on kuulutatud rahvusvaheliseks\u00a0valguse p\u00e4evaks. Sel puhul kutsume teaduse- ja tulevikuhuvilisi Tartu \u00dclikooli F\u00fc\u00fcsikumi (aadressil W.Ostwaldi tn.1, Tartus). R\u00e4\u00e4gime, seletame, katsetame, arutleme, n\u00e4itame, tutvustame, anname aru. Vaata t\u00e4psemalt! S\u00fcndmust toetab T\u00dc F\u00fc\u00fcsika Instituut.<\/p>\n","protected":false},"author":1,"featured_media":719214,"comment_status":"closed","ping_status":"closed","sticky":false,"template":"","format":"standard","meta":{"_genesis_hide_title":false,"_genesis_hide_breadcrumbs":false,"_genesis_hide_singular_image":false,"_genesis_hide_footer_widgets":false,"_genesis_custom_body_class":"","_genesis_custom_post_class":"","_genesis_layout":"","footnotes":""},"categories":[189,37],"tags":[],"class_list":{"0":"post-719220","1":"post","2":"type-post","3":"status-publish","4":"format-standard","5":"has-post-thumbnail","7":"category-eesti-fuusika-selts","8":"category-eestist-endast","9":"entry"},"_links":{"self":[{"href":"https:\/\/www.fyysika.ee\/index.php?rest_route=\/wp\/v2\/posts\/719220","targetHints":{"allow":["GET"]}}],"collection":[{"href":"https:\/\/www.fyysika.ee\/index.php?rest_route=\/wp\/v2\/posts"}],"about":[{"href":"https:\/\/www.fyysika.ee\/index.php?rest_route=\/wp\/v2\/types\/post"}],"author":[{"embeddable":true,"href":"https:\/\/www.fyysika.ee\/index.php?rest_route=\/wp\/v2\/users\/1"}],"replies":[{"embeddable":true,"href":"https:\/\/www.fyysika.ee\/index.php?rest_route=%2Fwp%2Fv2%2Fcomments&post=719220"}],"version-history":[{"count":1,"href":"https:\/\/www.fyysika.ee\/index.php?rest_route=\/wp\/v2\/posts\/719220\/revisions"}],"predecessor-version":[{"id":719221,"href":"https:\/\/www.fyysika.ee\/index.php?rest_route=\/wp\/v2\/posts\/719220\/revisions\/719221"}],"wp:featuredmedia":[{"embeddable":true,"href":"https:\/\/www.fyysika.ee\/index.php?rest_route=\/wp\/v2\/media\/719214"}],"wp:attachment":[{"href":"https:\/\/www.fyysika.ee\/index.php?rest_route=%2Fwp%2Fv2%2Fmedia&parent=719220"}],"wp:term":[{"taxonomy":"category","embeddable":true,"href":"https:\/\/www.fyysika.ee\/index.php?rest_route=%2Fwp%2Fv2%2Fcategories&post=719220"},{"taxonomy":"post_tag","embeddable":true,"href":"https:\/\/www.fyysika.ee\/index.php?rest_route=%2Fwp%2Fv2%2Ftags&post=719220"}],"curies":[{"name":"wp","href":"https:\/\/api.w.org\/{rel}","templated":true}]}}