{"id":719382,"date":"2019-11-27T20:28:42","date_gmt":"2019-11-27T17:28:42","guid":{"rendered":"http:\/\/www.fyysika.ee\/?p=719382"},"modified":"2019-11-27T20:29:59","modified_gmt":"2019-11-27T17:29:59","slug":"physicumi-seminar-madis-koivu-aeg","status":"publish","type":"post","link":"https:\/\/www.fyysika.ee\/?p=719382","title":{"rendered":"Physicumi seminar &#8220;Madis K\u00f5ivu aeg&#8221;"},"content":{"rendered":"\n<p>Physicumi seminar &#8220;Madis K\u00f5ivu aeg&#8221; toimub <strong>neljap\u00e4eval, 5. detsembril kell 16:15\u00a0<\/strong>Physicumi auditooriumis A106 (W. Ostwaldi 1, 50411 Tartu).<\/p>\n\n\n\n<figure class=\"wp-block-image\"><img loading=\"lazy\" decoding=\"async\" width=\"680\" height=\"1024\" src=\"http:\/\/www.fyysika.ee\/wp-content\/uploads\/2019\/11\/K_iv5_0-680x1024.jpg\" alt=\"\" class=\"wp-image-719383\" srcset=\"https:\/\/www.fyysika.ee\/wp-content\/uploads\/2019\/11\/K_iv5_0-680x1024.jpg 680w, https:\/\/www.fyysika.ee\/wp-content\/uploads\/2019\/11\/K_iv5_0-199x300.jpg 199w, https:\/\/www.fyysika.ee\/wp-content\/uploads\/2019\/11\/K_iv5_0-768x1156.jpg 768w, https:\/\/www.fyysika.ee\/wp-content\/uploads\/2019\/11\/K_iv5_0.jpg 1125w\" sizes=\"auto, (max-width: 680px) 100vw, 680px\" \/><figcaption> Madis K\u00f5iv (05.12.1929&#8211;24.09.2014) <\/figcaption><\/figure>\n\n\n\n<p>Madis K\u00f5iv (05.12.1929&#8211;24.09.2014) oli eesti f\u00fc\u00fcsik, filosoof ja kirjanik, kelle m\u00f5tlemises ja loomingus m\u00e4ngis \u00fcht keskset rolli k\u00fcsimus ajast. Madis K\u00f5ivu 90. s\u00fcnniaastap\u00e4eva t\u00e4histava seminari kavas on neli ettekannet.<\/p>\n\n\n\n<ul class=\"wp-block-list\"><li><strong>Piret Kuusk<\/strong>&nbsp;(T\u00dcFI teoreetilise f\u00fc\u00fcsika vanemteadur)&nbsp;<strong>&#8220;Teoreetilise f\u00fc\u00fcsika aeg&#8221;<\/strong><br>Madis K\u00f5iv l\u00f5petas Tartu \u00fclikooli 1953. aastal teoreetilise f\u00fc\u00fcsika erialal. Ta t\u00f6\u00f6tas TPI f\u00fc\u00fcsika kateedris aastail 1953-1961 (sellesse aega j\u00e4\u00e4b ka kandidaadit\u00f6\u00f6 &#8220;Mesonite ja h\u00fcperonide s\u00fcstemaatika&#8221; kaitsmine) ning ENSV F\u00fc\u00fcsika ja Astronoomia Instituudi teoreetilise f\u00fc\u00fcsika sektoris 1961-1991. Tema teadust\u00f6\u00f6 p\u00f5hisuund oli alusosakeste teooria matemaatiliste esituste sisu ja t\u00e4henduse selgitamine. Kolmek\u00fcmne Tartu&nbsp; aasta kestel oli ta kahtlemata siinsete teoreetikute vaimne juht ja suunaja.<br>&nbsp;<\/li><li><strong>Kaupo Palo<\/strong>&nbsp;(PerkinElmer Cellular Technologies Germany GmbH teadur)&nbsp;<strong>&#8220;D\u00fcnaamiline aeg&#8221;<\/strong><br>F\u00fc\u00fcsikalise s\u00fcsteemi anal\u00fc\u00fcs p\u00f5hineb d\u00fcnaamilistel muutujatel nagu ruumikoordinaadid, mis kirjeldavad s\u00fcsteemi osiste vastastikust paiknemist, impulssmuutujad, mis kirjeldavad liikumist, ja energia, mis m\u00e4\u00e4rab s\u00fcsteemi evolutsiooni v\u00f5i tasakaalu.&nbsp; Aga kus on siin pildil aeg?&nbsp; Kas t\u00f5esti on aja roll olla paradoksaalsel kombel statist, tumm tunnistaja ja kroonik, pannes s\u00fcndmused lihtsalt \u00fcksteise j\u00e4rgi ritta? V\u00f5i m\u00e4ngib ta mingis alternatiivses f\u00fc\u00fcsikalises pildis aktiivset rolli v\u00f5rdv\u00e4\u00e4rselt teiste d\u00fcnaamiliste muutujatega?&nbsp; Nii k\u00fcsis Madis K\u00f5iv.<br>&nbsp;<\/li><li><strong>Veiko Palge<\/strong>&nbsp;(T\u00dcFI teoreetilise f\u00fc\u00fcsika teadur)&nbsp;<strong>&#8220;Filosoofiline aeg&#8221;<\/strong><br>Aeg on Madis K\u00f5ivu kirjutistes kesksel kohal, v\u00f5ttes erinevaid vorme kirjanduse, f\u00fc\u00fcsika ja filosoofia kontekstides. L\u00fchiettekandes vaatame, milline on anal\u00fc\u00fctilise filosoofia aeg, kuidas tekkis aja nn &#8220;ABC teooria&#8221; 20. sajandil, ja kuidas see ajalugu oleks v\u00f5inud olla teistsugune.<br>&nbsp;<\/li><li><strong>Jaan Kangilaski<\/strong>&nbsp;(ajakirja &#8220;Akadeemia&#8221; toimetaja)&nbsp;<strong>&#8220;Anal\u00fc\u00fctiline aeg: K\u00f5iv ja anal\u00fc\u00fctilise filosoofia seminar&#8221;<\/strong><br>Madis K\u00f5ivu algatusel pandi 1991. aasta mais Tartus alus Anal\u00fc\u00fctilise filosoofia seminarile, mis k\u00e4ib koos seniajani. K\u00f5iv ise oli seminari juht aastani 2000. Anal\u00fc\u00fctiline filosoofia on oma taotlusilt t\u00e4ppisteadustel\u00e4hedane filosoofiaharu, mis sai alguse 19. sajandi l\u00f5pul &#8212; 20. sajandi algul Saksamaal Jenas ja Inglismaal Cambridge\u2019is, selliste autorite t\u00f6\u00f6des nagu Gottlob Frege, Bertrand Russell, George Edward Moore ja Ludwig Wittgenstein.&nbsp; Ajal, mil Eesti oli taas iseseisvumas, tuli ka filosoofias iseseisvuda senisest n\u00f5ukogude traditsioonist ja anal\u00fc\u00fctiline filosoofia kui k\u00f5ige rangem ja t\u00e4psem distsipliin paistis Madis K\u00f5ivu jaoks selleks k\u00f5ige sobivamana ja kergemini omandatavana, et seej\u00e4rel saaksid noored filosoofid hakata seda varsti ka ise \u201etegema\u201d. Ettekandes annan l\u00fchi\u00fclevaate seminari esimestest tegevusaastatest ja Madis k\u00f5ivu rollist selles.<\/li><\/ul>\n\n\n\n<p><a href=\"https:\/\/www.facebook.com\/events\/432696694087344\/\" target=\"_blank\" rel=\"noreferrer noopener\">\u00dcritus Facebookis<\/a>.<\/p>\n\n\n\n<p>Seminarile j\u00e4rgneb Madis K\u00f5ivu maalide n\u00e4ituse &#8220;<a href=\"https:\/\/www.fi.ut.ee\/et\/uritused\/maalinaitus-madis-koivu-ruum\" target=\"_blank\" rel=\"noreferrer noopener\">Madis K\u00f5ivu ruum<\/a>&#8221; avamine Physicumi galeriis kell 18:00. Samal \u00f5htul kell 19:00 etendub Vanemuise v\u00e4ikeses majas Vaino Vahingu ja Madis K\u00f5ivu n\u00e4idend &#8220;<a href=\"https:\/\/www.vanemuine.ee\/repertuaar\/faehlmann\/\" target=\"_blank\" rel=\"noreferrer noopener\">Faehlmann<\/a>&#8220;.<\/p>\n\n\n\n<p>Viiteks:<\/p>\n\n\n\n<ul class=\"wp-block-list\"><li>Tartu linna aukodanik ja Tartu Suurt\u00e4he kavaler&nbsp;<a href=\"https:\/\/www.tartu.ee\/en\/node\/4988\" target=\"_blank\" rel=\"noreferrer noopener\">Madis K\u00f5iv<\/a>,<\/li><li>Piret Kuusk, &#8220;<a href=\"http:\/\/www.looming.ee\/artiklid\/piret-kuusk\/\" target=\"_blank\" rel=\"noreferrer noopener\">Madis K\u00f5iv ja f\u00fc\u00fcsika<\/a>&#8220;, Looming 01\/2015.<\/li><\/ul>\n","protected":false},"excerpt":{"rendered":"<p>Physicumi seminar &#8220;Madis K\u00f5ivu aeg&#8221; toimub neljap\u00e4eval, 5. detsembril kell 16:15\u00a0Physicumi auditooriumis A106 (W. Ostwaldi 1, 50411 Tartu). Madis K\u00f5iv (05.12.1929&#8211;24.09.2014) oli eesti f\u00fc\u00fcsik, filosoof ja kirjanik, kelle m\u00f5tlemises ja loomingus m\u00e4ngis \u00fcht keskset rolli k\u00fcsimus ajast. Madis K\u00f5ivu 90. s\u00fcnniaastap\u00e4eva t\u00e4histava seminari kavas on neli ettekannet. Piret Kuusk&nbsp;(T\u00dcFI teoreetilise f\u00fc\u00fcsika vanemteadur)&nbsp;&#8220;Teoreetilise f\u00fc\u00fcsika aeg&#8221;Madis K\u00f5iv [&hellip;]<\/p>\n","protected":false},"author":1,"featured_media":719383,"comment_status":"closed","ping_status":"closed","sticky":false,"template":"","format":"standard","meta":{"_genesis_hide_title":false,"_genesis_hide_breadcrumbs":false,"_genesis_hide_singular_image":false,"_genesis_hide_footer_widgets":false,"_genesis_custom_body_class":"","_genesis_custom_post_class":"","_genesis_layout":"","footnotes":""},"categories":[37],"tags":[],"class_list":{"0":"post-719382","1":"post","2":"type-post","3":"status-publish","4":"format-standard","5":"has-post-thumbnail","7":"category-eestist-endast","8":"entry"},"_links":{"self":[{"href":"https:\/\/www.fyysika.ee\/index.php?rest_route=\/wp\/v2\/posts\/719382","targetHints":{"allow":["GET"]}}],"collection":[{"href":"https:\/\/www.fyysika.ee\/index.php?rest_route=\/wp\/v2\/posts"}],"about":[{"href":"https:\/\/www.fyysika.ee\/index.php?rest_route=\/wp\/v2\/types\/post"}],"author":[{"embeddable":true,"href":"https:\/\/www.fyysika.ee\/index.php?rest_route=\/wp\/v2\/users\/1"}],"replies":[{"embeddable":true,"href":"https:\/\/www.fyysika.ee\/index.php?rest_route=%2Fwp%2Fv2%2Fcomments&post=719382"}],"version-history":[{"count":2,"href":"https:\/\/www.fyysika.ee\/index.php?rest_route=\/wp\/v2\/posts\/719382\/revisions"}],"predecessor-version":[{"id":719385,"href":"https:\/\/www.fyysika.ee\/index.php?rest_route=\/wp\/v2\/posts\/719382\/revisions\/719385"}],"wp:featuredmedia":[{"embeddable":true,"href":"https:\/\/www.fyysika.ee\/index.php?rest_route=\/wp\/v2\/media\/719383"}],"wp:attachment":[{"href":"https:\/\/www.fyysika.ee\/index.php?rest_route=%2Fwp%2Fv2%2Fmedia&parent=719382"}],"wp:term":[{"taxonomy":"category","embeddable":true,"href":"https:\/\/www.fyysika.ee\/index.php?rest_route=%2Fwp%2Fv2%2Fcategories&post=719382"},{"taxonomy":"post_tag","embeddable":true,"href":"https:\/\/www.fyysika.ee\/index.php?rest_route=%2Fwp%2Fv2%2Ftags&post=719382"}],"curies":[{"name":"wp","href":"https:\/\/api.w.org\/{rel}","templated":true}]}}