{"id":719678,"date":"2025-01-03T10:46:06","date_gmt":"2025-01-03T07:46:06","guid":{"rendered":"https:\/\/www.fyysika.ee\/?p=719678"},"modified":"2025-01-25T10:50:51","modified_gmt":"2025-01-25T07:50:51","slug":"rahvusvaheline-kvantteadusge-ja-tehnoloogia-aasta-eestis","status":"publish","type":"post","link":"https:\/\/www.fyysika.ee\/?p=719678","title":{"rendered":"Rahvusvaheline kvantteaduse ja tehnoloogia aasta Eestis"},"content":{"rendered":"\n<p>Eesti F\u00fc\u00fcsika Selts on koos Eesti teadus- ja teadushuviasutustega kavandamas tegevusi ja s\u00fcndmusi, mis populariseerivad ja selgitavad kvantteaduseid ning sellest t\u00f5ukuvaid tulevikurakendusi.<\/p>\n\n\n\n<ul class=\"wp-block-list\">\n<li>6.jaanuar: Roland Matti loeng Hugo Treffneri G\u00fcmnaasiumis.<\/li>\n\n\n\n<li>Jaanuar &#8211; \u2026 : Mikromaailma f\u00fc\u00fcsika veebi\u00f5piku loomine. Kvantteaduse ABC ja f\u00fc\u00fcsika\u00f5pikute materjalide ideekorje.<\/li>\n\n\n\n<li>Jaanuar &#8211; august: huvik\u00fcsimuste ja nende vastuste s\u00f5nastamine ja vormistamine ning s\u00fcgisel korraldatavate loengute ning t\u00f6\u00f6tubade ettevalmistamine.&nbsp;&nbsp;<\/li>\n\n\n\n<li>Veebruar &#8211; mai: k\u00e4ed-k\u00fclge kursus Loodusteaduste populariseerimine T\u00dc \u00f5petajakoolituse \u00fcli\u00f5pilastele, mille fookuseks on sel aastal kvantteadus ja -tehnoloogia f\u00fc\u00fcsikas, keemias ja bioloogias.<\/li>\n\n\n\n<li>Juuni: teemaseminar F\u00fc\u00fcsika\u00f5petajate suvelaagris.<\/li>\n\n\n\n<li>August: udukambrite ehitamine F\u00fc\u00fcsika\u00f5petajate ehitusmalevas.<\/li>\n\n\n\n<li>September: Teadlaste \u00d6\u00f6 s\u00fcndmused T\u00dc f\u00fc\u00fcsikumis ja keemikumis. Stendin\u00e4ituse avamine T\u00dc f\u00fc\u00fcsikumis ja TT\u00dc-s;<\/li>\n\n\n\n<li>September &#8211; detsember: loengud ja t\u00f6\u00f6toad Eesti koolides.<\/li>\n\n\n\n<li>teemap\u00e4evad Teaduskeskuses AHHAA ja Energiakeskuses*;<\/li>\n\n\n\n<li>September &#8211; detsember: veebikursus T\u00dc kvantarvutitest ja kvantarvutamisest ning ekskursioon Espoo\u2019sse.<\/li>\n\n\n\n<li>November &#8211; Ettekanded ja t\u00f6\u00f6toad F\u00fc\u00fcsika\u00f5petajate s\u00fcgisseminaril.<\/li>\n\n\n\n<li>November &#8211; Ekskursioon MaxLab\u2019i.<\/li>\n<\/ul>\n\n\n\n<p>Kontakt: Kaido Reivelt (kaido@fyysika.ee)<\/p>\n\n\n\n<figure class=\"wp-block-image size-large\"><a href=\"http:\/\/www.fyysika.ee\/wp-content\/uploads\/2025\/01\/IYQST-preferred-rgb.png\"><img loading=\"lazy\" decoding=\"async\" width=\"872\" height=\"1024\" src=\"http:\/\/www.fyysika.ee\/wp-content\/uploads\/2025\/01\/IYQST-preferred-rgb-872x1024.png\" alt=\"\" class=\"wp-image-719663\" srcset=\"https:\/\/www.fyysika.ee\/wp-content\/uploads\/2025\/01\/IYQST-preferred-rgb-872x1024.png 872w, https:\/\/www.fyysika.ee\/wp-content\/uploads\/2025\/01\/IYQST-preferred-rgb-255x300.png 255w, https:\/\/www.fyysika.ee\/wp-content\/uploads\/2025\/01\/IYQST-preferred-rgb-768x902.png 768w, https:\/\/www.fyysika.ee\/wp-content\/uploads\/2025\/01\/IYQST-preferred-rgb-1307x1536.png 1307w, https:\/\/www.fyysika.ee\/wp-content\/uploads\/2025\/01\/IYQST-preferred-rgb-1743x2048.png 1743w, https:\/\/www.fyysika.ee\/wp-content\/uploads\/2025\/01\/IYQST-preferred-rgb.png 1778w\" sizes=\"auto, (max-width: 872px) 100vw, 872px\" \/><\/a><\/figure>\n","protected":false},"excerpt":{"rendered":"<p>Eesti F\u00fc\u00fcsika Selts on koos Eesti teadus- ja teadushuviasutustega kavandamas tegevusi ja s\u00fcndmusi, mis populariseerivad ja selgitavad kvantteaduseid ning sellest t\u00f5ukuvaid tulevikurakendusi. Kontakt: Kaido Reivelt (kaido@fyysika.ee)<\/p>\n","protected":false},"author":1,"featured_media":719663,"comment_status":"closed","ping_status":"closed","sticky":false,"template":"","format":"standard","meta":{"_genesis_hide_title":false,"_genesis_hide_breadcrumbs":false,"_genesis_hide_singular_image":false,"_genesis_hide_footer_widgets":false,"_genesis_custom_body_class":"","_genesis_custom_post_class":"","_genesis_layout":"","footnotes":""},"categories":[189,37],"tags":[],"class_list":{"0":"post-719678","1":"post","2":"type-post","3":"status-publish","4":"format-standard","5":"has-post-thumbnail","7":"category-eesti-fuusika-selts","8":"category-eestist-endast","9":"entry"},"_links":{"self":[{"href":"https:\/\/www.fyysika.ee\/index.php?rest_route=\/wp\/v2\/posts\/719678","targetHints":{"allow":["GET"]}}],"collection":[{"href":"https:\/\/www.fyysika.ee\/index.php?rest_route=\/wp\/v2\/posts"}],"about":[{"href":"https:\/\/www.fyysika.ee\/index.php?rest_route=\/wp\/v2\/types\/post"}],"author":[{"embeddable":true,"href":"https:\/\/www.fyysika.ee\/index.php?rest_route=\/wp\/v2\/users\/1"}],"replies":[{"embeddable":true,"href":"https:\/\/www.fyysika.ee\/index.php?rest_route=%2Fwp%2Fv2%2Fcomments&post=719678"}],"version-history":[{"count":7,"href":"https:\/\/www.fyysika.ee\/index.php?rest_route=\/wp\/v2\/posts\/719678\/revisions"}],"predecessor-version":[{"id":719686,"href":"https:\/\/www.fyysika.ee\/index.php?rest_route=\/wp\/v2\/posts\/719678\/revisions\/719686"}],"wp:featuredmedia":[{"embeddable":true,"href":"https:\/\/www.fyysika.ee\/index.php?rest_route=\/wp\/v2\/media\/719663"}],"wp:attachment":[{"href":"https:\/\/www.fyysika.ee\/index.php?rest_route=%2Fwp%2Fv2%2Fmedia&parent=719678"}],"wp:term":[{"taxonomy":"category","embeddable":true,"href":"https:\/\/www.fyysika.ee\/index.php?rest_route=%2Fwp%2Fv2%2Fcategories&post=719678"},{"taxonomy":"post_tag","embeddable":true,"href":"https:\/\/www.fyysika.ee\/index.php?rest_route=%2Fwp%2Fv2%2Ftags&post=719678"}],"curies":[{"name":"wp","href":"https:\/\/api.w.org\/{rel}","templated":true}]}}