{"id":719796,"date":"2026-03-15T23:45:54","date_gmt":"2026-03-15T20:45:54","guid":{"rendered":"https:\/\/www.fyysika.ee\/?p=719796"},"modified":"2026-04-01T22:23:38","modified_gmt":"2026-04-01T19:23:38","slug":"efs-tegemised-detsember-2025-veebruar-2026","status":"publish","type":"post","link":"https:\/\/www.fyysika.ee\/?p=719796","title":{"rendered":"EFS tegemised detsember 2025 &#8211; veebruar 2026"},"content":{"rendered":"\n<p><strong>EFS<\/strong><\/p>\n\n\n\n<ul class=\"wp-block-list\">\n<li>Koost\u00f6\u00f6s Tartu \u00dclikooliga oleme taas korraldamas Teaduslaagrit. See toimub \u00a027. juulist 1. augustini Alatskivil. L\u00e4hem info ja registreerumine:\u00a0<a href=\"http:\/\/teaduslaager.ee\/\" target=\"_blank\" rel=\"noreferrer noopener\">teaduslaager.ee<\/a>\u00a0.<\/li>\n\n\n\n<li><a href=\"https:\/\/www.fyysika.ee\/?page_id=719789\" target=\"_blank\" rel=\"noreferrer noopener\">F\u00fc\u00fcsika\u00f5petajate suvelaager<\/a>\u00a0sai endale tubli partneri T\u00dc LT valdkonna n\u00e4ol.<\/li>\n\n\n\n<li>Uuesti on ilmuma hakanud n\u00e4dalakiri Mesilane, vt n\u00e4iteks\u00a0<a href=\"https:\/\/play.praktikal.app\/slideshow\/10595\" target=\"_blank\" rel=\"noreferrer noopener\">15 numbrit<\/a>.<\/li>\n\n\n\n<li>Proovisime kaasa l\u00fckata\u00a0<a href=\"https:\/\/www.praktikal.ee\/voimendatud-opetaja\" target=\"_blank\" rel=\"noreferrer noopener\">V\u00f5imendatud f\u00fc\u00fcsika\u00f5petaja programmi<\/a>, aga see esimesel katsel t\u00f6\u00f6le ei hakanud.\u00a0<\/li>\n<\/ul>\n\n\n\n<p><strong>FO<\/strong><\/p>\n\n\n\n<ul class=\"wp-block-list\">\n<li>Motivatsioonikirjade alusel valiti v\u00e4lja 11 \u00f5petajat, kes k\u00fclastavad 15.-20. m\u00e4rtsil CERNi. Osalemist rahastavad TalTech ja Harno.<\/li>\n\n\n\n<li>Kaast\u00f6\u00f6 \u00d5petajate Lehele: 17.02 ilmunud\u00a0<a href=\"https:\/\/www.opleht.ee\/category\/erilehed\/loodusharidus\/\" target=\"_blank\" rel=\"noreferrer noopener\">loodushariduse erilehest<\/a>\u00a0leiab kolm meie kirjutatud\/koostatud artiklit.<\/li>\n\n\n\n<li>Jaanuaris toimus novembris valitud uue juhatuse esimene koosolek, kus keskenduti peamiselt augustis toimuva suvekooli kuup\u00e4eva ja asukoha k\u00fcsimusele. Veebruari l\u00f5pus, 27.02 toimus juhatuse koosolek Kohila G\u00fcmnaasiumis, kus samuti arutati p\u00f5hiliselt suvekooliga seonduvat. 2026. a f\u00fc\u00fcsika\u00f5petajate suvekool toimub 10.-11.08 Vana\u00f5ue puhkekeskuses.<\/li>\n<\/ul>\n\n\n\n<p><strong>F\u00dcS<\/strong><\/p>\n\n\n\n<ul class=\"wp-block-list\">\n<li>12.12 toimus F\u00dcS ja FI \u00fchine j\u00f5ulupidu. J\u00f5ulupeo teemaks oli kole j\u00f5ulukampsun ning peol sai osaled piparkookide kaunistamise v\u00f5istlusel.<\/li>\n\n\n\n<li>Aasta alguses on toimunud mitmed F\u00dcS\u2019i sauna\u00f5htud.<\/li>\n\n\n\n<li>11.02 toimus F\u00dcS\u2019i talvine \u00fcldkoosolek, kus valiti kevadsemestriks sama juhatus.<\/li>\n\n\n\n<li>17.02 t\u00e4histas F\u00dcS vastlap\u00e4eva kelgutamise ja saunaga.<\/li>\n<\/ul>\n","protected":false},"excerpt":{"rendered":"<p>Kokkuv\u00f5te Eesti F\u00fc\u00fcsika Seltsi ja selle osakondade tegevusest. <\/p>\n","protected":false},"author":1,"featured_media":0,"comment_status":"closed","ping_status":"closed","sticky":false,"template":"","format":"standard","meta":{"_genesis_hide_title":false,"_genesis_hide_breadcrumbs":false,"_genesis_hide_singular_image":false,"_genesis_hide_footer_widgets":false,"_genesis_custom_body_class":"","_genesis_custom_post_class":"","_genesis_layout":"","footnotes":""},"categories":[189],"tags":[],"class_list":{"0":"post-719796","1":"post","2":"type-post","3":"status-publish","4":"format-standard","6":"category-eesti-fuusika-selts","7":"entry"},"_links":{"self":[{"href":"https:\/\/www.fyysika.ee\/index.php?rest_route=\/wp\/v2\/posts\/719796","targetHints":{"allow":["GET"]}}],"collection":[{"href":"https:\/\/www.fyysika.ee\/index.php?rest_route=\/wp\/v2\/posts"}],"about":[{"href":"https:\/\/www.fyysika.ee\/index.php?rest_route=\/wp\/v2\/types\/post"}],"author":[{"embeddable":true,"href":"https:\/\/www.fyysika.ee\/index.php?rest_route=\/wp\/v2\/users\/1"}],"replies":[{"embeddable":true,"href":"https:\/\/www.fyysika.ee\/index.php?rest_route=%2Fwp%2Fv2%2Fcomments&post=719796"}],"version-history":[{"count":2,"href":"https:\/\/www.fyysika.ee\/index.php?rest_route=\/wp\/v2\/posts\/719796\/revisions"}],"predecessor-version":[{"id":719805,"href":"https:\/\/www.fyysika.ee\/index.php?rest_route=\/wp\/v2\/posts\/719796\/revisions\/719805"}],"wp:attachment":[{"href":"https:\/\/www.fyysika.ee\/index.php?rest_route=%2Fwp%2Fv2%2Fmedia&parent=719796"}],"wp:term":[{"taxonomy":"category","embeddable":true,"href":"https:\/\/www.fyysika.ee\/index.php?rest_route=%2Fwp%2Fv2%2Fcategories&post=719796"},{"taxonomy":"post_tag","embeddable":true,"href":"https:\/\/www.fyysika.ee\/index.php?rest_route=%2Fwp%2Fv2%2Ftags&post=719796"}],"curies":[{"name":"wp","href":"https:\/\/api.w.org\/{rel}","templated":true}]}}