{"id":72335,"date":"2015-04-07T23:00:34","date_gmt":"2015-04-07T20:00:34","guid":{"rendered":"http:\/\/www.fyysika.ee\/?p=72335"},"modified":"2015-04-07T23:02:55","modified_gmt":"2015-04-07T20:02:55","slug":"8-aprill-fuusikaviktoriin-spekter-e-opikus","status":"publish","type":"post","link":"https:\/\/www.fyysika.ee\/?p=72335","title":{"rendered":"8.aprill: F\u00fc\u00fcsikaviktoriin Spekter e-\u00f5pikus"},"content":{"rendered":"<p><a href=\"http:\/\/www.fyysika.ee\/wp-content\/uploads\/2015\/02\/spekter_logo_hajutatud.png\"><img loading=\"lazy\" decoding=\"async\" class=\"alignleft size-medium wp-image-47401\" src=\"http:\/\/www.fyysika.ee\/wp-content\/uploads\/2015\/02\/spekter_logo_hajutatud-296x300.png\" alt=\"spekter_logo_hajutatud\" width=\"296\" height=\"300\" srcset=\"https:\/\/www.fyysika.ee\/wp-content\/uploads\/2015\/02\/spekter_logo_hajutatud-296x300.png 296w, https:\/\/www.fyysika.ee\/wp-content\/uploads\/2015\/02\/spekter_logo_hajutatud.png 779w\" sizes=\"auto, (max-width: 296px) 100vw, 296px\" \/><\/a> F\u00fc\u00fcsika e-\u00f5piku kasutajad juba teavad, et <a href=\"http:\/\/\u00f5pik.f\u00fc\u00fcsika.ee\">\u00f5pik.f\u00fc\u00fcsika.ee<\/a>\u00a0\u00fcks men\u00fc\u00fc nuppudest kannab nime eVastus. 8.aprillil saab selle nupu all oma teadmisi testida. Vt\u00a0<a href=\"http:\/\/www.teaduskool.ut.ee\/et\/ainevoistlused\/veebipohine-fuusikaviktoriin-spekter\">http:\/\/www.teaduskool.ut.ee\/et\/ainevoistlused\/veebipohine-fuusikaviktoriin-spekter<\/a>.<\/p>\n<p>E-\u00f5pikule on see t\u00e4htis p\u00e4ev, mis t\u00e4histab j\u00e4rjekordsele arenguetapile joone alla t\u00f5mbamist. Loodame, et k\u00f5ik laabub. Ja kutsume osalema!<\/p>\n","protected":false},"excerpt":{"rendered":"<p>F\u00fc\u00fcsika e-\u00f5piku kasutajad juba teavad, et \u00f5pik.f\u00fc\u00fcsika.ee\u00a0\u00fcks men\u00fc\u00fc nuppudest kannab nime eVastus. 8.aprillil saab selle nupu all oma teadmisi testida. Vt\u00a0http:\/\/www.teaduskool.ut.ee\/et\/ainevoistlused\/veebipohine-fuusikaviktoriin-spekter. E-\u00f5pikule on see t\u00e4htis p\u00e4ev, mis t\u00e4histab j\u00e4rjekordsele arenguetapile joone alla t\u00f5mbamist. Loodame, et k\u00f5ik laabub. Ja kutsume osalema!<\/p>\n","protected":false},"author":1,"featured_media":47401,"comment_status":"open","ping_status":"closed","sticky":false,"template":"","format":"standard","meta":{"_genesis_hide_title":false,"_genesis_hide_breadcrumbs":false,"_genesis_hide_singular_image":false,"_genesis_hide_footer_widgets":false,"_genesis_custom_body_class":"","_genesis_custom_post_class":"","_genesis_layout":"","footnotes":""},"categories":[37,3],"tags":[],"class_list":{"0":"post-72335","1":"post","2":"type-post","3":"status-publish","4":"format-standard","5":"has-post-thumbnail","7":"category-eestist-endast","8":"category-opetamine","9":"entry"},"_links":{"self":[{"href":"https:\/\/www.fyysika.ee\/index.php?rest_route=\/wp\/v2\/posts\/72335","targetHints":{"allow":["GET"]}}],"collection":[{"href":"https:\/\/www.fyysika.ee\/index.php?rest_route=\/wp\/v2\/posts"}],"about":[{"href":"https:\/\/www.fyysika.ee\/index.php?rest_route=\/wp\/v2\/types\/post"}],"author":[{"embeddable":true,"href":"https:\/\/www.fyysika.ee\/index.php?rest_route=\/wp\/v2\/users\/1"}],"replies":[{"embeddable":true,"href":"https:\/\/www.fyysika.ee\/index.php?rest_route=%2Fwp%2Fv2%2Fcomments&post=72335"}],"version-history":[{"count":0,"href":"https:\/\/www.fyysika.ee\/index.php?rest_route=\/wp\/v2\/posts\/72335\/revisions"}],"wp:featuredmedia":[{"embeddable":true,"href":"https:\/\/www.fyysika.ee\/index.php?rest_route=\/wp\/v2\/media\/47401"}],"wp:attachment":[{"href":"https:\/\/www.fyysika.ee\/index.php?rest_route=%2Fwp%2Fv2%2Fmedia&parent=72335"}],"wp:term":[{"taxonomy":"category","embeddable":true,"href":"https:\/\/www.fyysika.ee\/index.php?rest_route=%2Fwp%2Fv2%2Fcategories&post=72335"},{"taxonomy":"post_tag","embeddable":true,"href":"https:\/\/www.fyysika.ee\/index.php?rest_route=%2Fwp%2Fv2%2Ftags&post=72335"}],"curies":[{"name":"wp","href":"https:\/\/api.w.org\/{rel}","templated":true}]}}